{"id":638387,"date":"2026-01-03T13:42:08","date_gmt":"2026-01-03T13:42:08","guid":{"rendered":"https:\/\/www.europesays.com\/fr\/638387\/"},"modified":"2026-01-03T13:42:08","modified_gmt":"2026-01-03T13:42:08","slug":"en-images-vos-photos-de-la-neige-en-seine-maritime-toujours-en-alerte-meteo","status":"publish","type":"post","link":"https:\/\/www.europesays.com\/fr\/638387\/","title":{"rendered":"EN IMAGES. Vos photos de la neige en Seine-Maritime, toujours en alerte m\u00e9t\u00e9o"},"content":{"rendered":"<p>                    Par<br \/>\n        <strong><br \/>\n            <a href=\"https:\/\/actu.fr\/auteur\/eaube\" title=\"Consulter tous les articles de Elo\u00efse Aub\u00e9\" target=\"_blank\" rel=\"noopener\">Elo\u00efse Aub\u00e9<\/a><br \/>\n                    <\/strong><\/p>\n<p>        Publi\u00e9 le<\/p>\n<p>            3 janv. 2026 \u00e0 11h18        <\/p>\n<p>C\u2019\u00e9tait annonc\u00e9. Depuis vendredi 2\u00a0janvier 2026, le<strong> d\u00e9partement de la Seine-Maritime<\/strong> est plac\u00e9 en <a href=\"https:\/\/actu.fr\/meteo\/neige-et-verglas-la-seine-maritime-en-alerte-meteo-ce-vendredi_63643006.html\" target=\"_blank\" rel=\"noopener\">vigilance jaune pour neige et verglas<\/a>. Si hier, quelques flocons sont tomb\u00e9s de mani\u00e8re \u00e9parse du c\u00f4t\u00e9 de <strong>Rouen<\/strong> et quelques averses de gr\u00eales au\u00a0<strong>Havre<\/strong>, la neige a un peu plus tenu dans la nuit, comme en t\u00e9moignent ces images prises par nos lecteurs.<\/p>\n<p>La neige au centre du d\u00e9partement<\/p>\n<p class=\" wall-content\">C\u2019est principalement autour de Rouen et \u00e0 l\u2019est du d\u00e9partement que la neige a tenu un peu plus. Ce matin du samedi 3\u00a0d\u00e9cembre 2026, elle \u00e9tait d\u2019ailleurs encore visible \u00e0 certains endroits.<\/p>\n<p class=\" wall-content\">Quid des heures \u00e0 venir\u2009? <strong>M\u00e9t\u00e9o France<\/strong> maintient sa vigilance jaune pour neige et verglas ce samedi 3 janvier jusqu\u2019en fin de matin\u00e9e. Une alerte qui reprendra d\u00e8s 18 heures ce soir (sauf nouvelles pr\u00e9visions) et qui perdurera jusqu\u2019\u00e0 demain, midi. Prudence sur les routes donc, puisque le verglas rend la circulation plus difficile occasionnant, comme ce samedi matin,<a href=\"https:\/\/actu.fr\/normandie\/rouen_76540\/plusieurs-accidents-en-cours-sur-l-a13-ce-samedi-attention-a-la-circulation_63647039.html\" target=\"_blank\" rel=\"noopener\"> des accidents.<\/a><\/p>\n<p>Suivez l\u2019actualit\u00e9 de<a href=\"https:\/\/www.whatsapp.com\/channel\/0029VaKfnf99hXF2ddApFB1D\" target=\"_blank\" rel=\"noopener\"> Rouen<\/a> et du\u00a0<a href=\"https:\/\/www.whatsapp.com\/channel\/0029VaFqJYE8aKvLBwVrEe0o\" target=\"_blank\" rel=\"noopener\">Havre<\/a> sur WhatsApp et sur notre <a href=\"https:\/\/www.tiktok.com\/@76actu.fr?lang=fr\" target=\"_blank\" rel=\"noopener\">compte TikTok<\/a><\/p>\n<p class=\" wall-content\">Personnalisez votre actualit\u00e9 en ajoutant vos villes et m\u00e9dias en favori avec <a href=\"https:\/\/moncompte.actu.fr\" title=\"D\u00e9couvez Mon Actu\" rel=\"nofollow noopener\" data-trk=\"{&quot;cta&quot;:{&quot;action&quot;:&quot;https:\\\/\\\/moncompte.actu.fr&quot;,&quot;category&quot;:&quot;mon compte&quot;,&quot;from&quot;:&quot;article footer&quot;,&quot;name&quot;:&quot;Mon actu&quot;,&quot;type&quot;:&quot;cta&quot;}}\" target=\"_blank\">Mon Actu<\/a>.<\/p>\n<p>                    <script async src=\"\/\/www.tiktok.com\/embed.js\"><\/script><\/p>\n","protected":false},"excerpt":{"rendered":"Par Elo\u00efse Aub\u00e9 Publi\u00e9 le 3 janv. 2026 \u00e0 11h18 C\u2019\u00e9tait annonc\u00e9. Depuis vendredi 2\u00a0janvier 2026, le d\u00e9partement&hellip;\n","protected":false},"author":2,"featured_media":638388,"comment_status":"","ping_status":"","sticky":false,"template":"","format":"standard","meta":{"footnotes":""},"categories":[9587],"tags":[1111,11,1777,674,1011,27,2487,10584,12,5161,25,9590],"class_list":{"0":"post-638387","1":"post","2":"type-post","3":"status-publish","4":"format-standard","5":"has-post-thumbnail","7":"category-rouen","8":"tag-actu","9":"tag-actualites","10":"tag-eu","11":"tag-europe","12":"tag-fr","13":"tag-france","14":"tag-meteo","15":"tag-neige","16":"tag-news","17":"tag-normandie","18":"tag-republique-francaise","19":"tag-rouen"},"share_on_mastodon":{"url":"https:\/\/pubeurope.com\/@fr\/115831461881499223","error":""},"_links":{"self":[{"href":"https:\/\/www.europesays.com\/fr\/wp-json\/wp\/v2\/posts\/638387","targetHints":{"allow":["GET"]}}],"collection":[{"href":"https:\/\/www.europesays.com\/fr\/wp-json\/wp\/v2\/posts"}],"about":[{"href":"https:\/\/www.europesays.com\/fr\/wp-json\/wp\/v2\/types\/post"}],"author":[{"embeddable":true,"href":"https:\/\/www.europesays.com\/fr\/wp-json\/wp\/v2\/users\/2"}],"replies":[{"embeddable":true,"href":"https:\/\/www.europesays.com\/fr\/wp-json\/wp\/v2\/comments?post=638387"}],"version-history":[{"count":0,"href":"https:\/\/www.europesays.com\/fr\/wp-json\/wp\/v2\/posts\/638387\/revisions"}],"wp:featuredmedia":[{"embeddable":true,"href":"https:\/\/www.europesays.com\/fr\/wp-json\/wp\/v2\/media\/638388"}],"wp:attachment":[{"href":"https:\/\/www.europesays.com\/fr\/wp-json\/wp\/v2\/media?parent=638387"}],"wp:term":[{"taxonomy":"category","embeddable":true,"href":"https:\/\/www.europesays.com\/fr\/wp-json\/wp\/v2\/categories?post=638387"},{"taxonomy":"post_tag","embeddable":true,"href":"https:\/\/www.europesays.com\/fr\/wp-json\/wp\/v2\/tags?post=638387"}],"curies":[{"name":"wp","href":"https:\/\/api.w.org\/{rel}","templated":true}]}}