{"id":638393,"date":"2026-01-03T13:48:17","date_gmt":"2026-01-03T13:48:17","guid":{"rendered":"https:\/\/www.europesays.com\/fr\/638393\/"},"modified":"2026-01-03T13:48:17","modified_gmt":"2026-01-03T13:48:17","slug":"maldar-en-route-pour-rennes","status":"publish","type":"post","link":"https:\/\/www.europesays.com\/fr\/638393\/","title":{"rendered":"Maldar en route pour Rennes ?"},"content":{"rendered":"<p>Afficher l\u2019index Masquer l\u2019index <\/p>\n<ul class=\"intoc\">\n<li class=\"item-h2\"><a class=\"simple\" href=\"#toc-title-1\">Mercato Stade Rennais : Lo\u00efc D\u00e9sir\u00e9 lorgne H\u00fcseyin Maldar !<\/a><\/li>\n<li class=\"item-h2\"><a class=\"simple\" href=\"#toc-title-2\">Lire la suite sur le Stade Rennais <\/a><\/li>\n<\/ul>\n<p>Le jeune crack turc, H\u00fcseyin Maldar est sur la short-list des dirigeants du Stade Rennais pour ce mercato hivernal.<\/p>\n<p>Mercato Stade Rennais : Lo\u00efc D\u00e9sir\u00e9 lorgne H\u00fcseyin Maldar !\t<\/p>\n<p>La direction du Stade Rennais pourrait amener certaines p\u00e9pites \u00e0 Rennes pendant ce mercato hivernal. <a href=\"https:\/\/www.foot-sur7.fr\/713212-mercato-stade-rennais-deux-pepites-rendent-fou-habib-beye\" data-type=\"link\" data-id=\"https:\/\/www.foot-sur7.fr\/713212-mercato-stade-rennais-deux-pepites-rendent-fou-habib-beye\" target=\"_blank\" rel=\"noopener\">Le tacticien rennais, Habib Beye <\/a>a besoin de joueurs \u00e0 forts potentiels pour r\u00e9sister aux cadors de Ligue 1 lors de la seconde partie de la saison. Les Rouge et Noir ont des d\u00e9placements p\u00e9rilleux \u00e0 faire en Ligue 1.<\/p>\n<p>Un contexte qui incite la direction bretonne \u00e0 recruter des joueurs. Selon les informations de Sporxx, le SRFC suivrait de pr\u00e8s le profil d\u2019un jeune espoir turc : H\u00fcseyin Maldar. Le lat\u00e9ral droit appartient \u00e0 Ey\u00fcpspor. Il est sous contrat jusqu\u2019en juin 2029. Pr\u00eat\u00e9 cette saison \u00e0 Pendikspor (D2 turque), le natif de Bal\u0131kesir impressionne d\u00e9j\u00e0. Il a d\u00e9j\u00e0 claqu\u00e9 trois pions et servi deux offrandes en 13 apparitions en championnat.<\/p>\n<p><a class=\"related-article simple\" href=\"https:\/\/www.foot-sur7.fr\/715453-asse-horneland-tient-deux-precieux-joyaux-a-saint-etienne\" target=\"_blank\" rel=\"noopener\">\u00c0 voirASSE : Horneland tient deux pr\u00e9cieux joyaux \u00e0 Saint-Etienne<\/a><\/p>\n<p>Lire aussi : <a href=\"https:\/\/www.foot-sur7.fr\/714134-mercato-le-stade-rennais-assene-un-coup-dur-a-lom\" target=\"_blank\" rel=\"noopener\">Mercato : le Stade Rennais ass\u00e8ne un coup dur \u00e0 l\u2019OM !<\/a><\/p>\n<p>Ses performances attisent les convoitises puisque Trabzonspor serait \u00e9galement positionn\u00e9 pour l\u2019accueillir. \u00c0 Rennes, Habib Beye r\u00e9fl\u00e9chirait \u00e0 l\u2019apr\u00e8s-Przemys\u0142aw Frankowski, dont le pr\u00eat arrive \u00e0 \u00e9ch\u00e9ance en juin prochain. Bien qu\u2019une option d\u2019achat existe pour l\u2019international polonais, le club breton pourrait choisir de pr\u00e9parer l\u2019avenir en misant d\u00e8s maintenant sur H\u00fcseyin Maldar. Transfertmarkt l\u2019\u00e9value \u00e0 350\u00a0000 euros.<\/p>\n<p>Lire la suite sur le Stade Rennais <\/p>\n<p><a href=\"https:\/\/www.foot-sur7.fr\/715286-mercato-le-stade-rennais-scelle-lavenir-dun-indesirable\" target=\"_blank\" rel=\"noopener\">Mercato : le Stade Rennais scelle l\u2019avenir d\u2019un ind\u00e9sirable !<\/a><\/p>\n<p><a href=\"https:\/\/www.foot-sur7.fr\/715172-mercato-stade-rennais-un-chouchou-de-beye-vers-langleterre\" target=\"_blank\" rel=\"noopener\">Mercato Stade Rennais : Un chouchou de Beye vers l\u2019Angleterre !<\/a><\/p>\n<p><a class=\"related-article simple\" href=\"https:\/\/www.foot-sur7.fr\/715474-psg-mercato-le-remplacant-de-marquinhos-arrive-pour-50me\" target=\"_blank\" rel=\"noopener\">\u00c0 voirPSG Mercato : Le rempla\u00e7ant de Marquinhos arrive pour 50M\u20ac<\/a><\/p>\n<p><a href=\"https:\/\/www.foot-sur7.fr\/714536-mercato-le-stade-rennais-tranche-enfin-pour-himad-abdelli\" target=\"_blank\" rel=\"noopener\">Mercato : le Stade Rennais tranche enfin pour Himad Abdelli !<\/a><\/p>\n","protected":false},"excerpt":{"rendered":"Afficher l\u2019index Masquer l\u2019index Mercato Stade Rennais : Lo\u00efc D\u00e9sir\u00e9 lorgne H\u00fcseyin Maldar ! Lire la suite sur&hellip;\n","protected":false},"author":2,"featured_media":638394,"comment_status":"","ping_status":"","sticky":false,"template":"","format":"standard","meta":{"footnotes":""},"categories":[2821],"tags":[1111,11,829,1777,674,1011,27,12,584,25],"class_list":{"0":"post-638393","1":"post","2":"type-post","3":"status-publish","4":"format-standard","5":"has-post-thumbnail","7":"category-rennes","8":"tag-actu","9":"tag-actualites","10":"tag-bretagne","11":"tag-eu","12":"tag-europe","13":"tag-fr","14":"tag-france","15":"tag-news","16":"tag-rennes","17":"tag-republique-francaise"},"share_on_mastodon":{"url":"https:\/\/pubeurope.com\/@fr\/115831485535371755","error":""},"_links":{"self":[{"href":"https:\/\/www.europesays.com\/fr\/wp-json\/wp\/v2\/posts\/638393","targetHints":{"allow":["GET"]}}],"collection":[{"href":"https:\/\/www.europesays.com\/fr\/wp-json\/wp\/v2\/posts"}],"about":[{"href":"https:\/\/www.europesays.com\/fr\/wp-json\/wp\/v2\/types\/post"}],"author":[{"embeddable":true,"href":"https:\/\/www.europesays.com\/fr\/wp-json\/wp\/v2\/users\/2"}],"replies":[{"embeddable":true,"href":"https:\/\/www.europesays.com\/fr\/wp-json\/wp\/v2\/comments?post=638393"}],"version-history":[{"count":0,"href":"https:\/\/www.europesays.com\/fr\/wp-json\/wp\/v2\/posts\/638393\/revisions"}],"wp:featuredmedia":[{"embeddable":true,"href":"https:\/\/www.europesays.com\/fr\/wp-json\/wp\/v2\/media\/638394"}],"wp:attachment":[{"href":"https:\/\/www.europesays.com\/fr\/wp-json\/wp\/v2\/media?parent=638393"}],"wp:term":[{"taxonomy":"category","embeddable":true,"href":"https:\/\/www.europesays.com\/fr\/wp-json\/wp\/v2\/categories?post=638393"},{"taxonomy":"post_tag","embeddable":true,"href":"https:\/\/www.europesays.com\/fr\/wp-json\/wp\/v2\/tags?post=638393"}],"curies":[{"name":"wp","href":"https:\/\/api.w.org\/{rel}","templated":true}]}}