{"id":638395,"date":"2026-01-03T13:49:13","date_gmt":"2026-01-03T13:49:13","guid":{"rendered":"https:\/\/www.europesays.com\/fr\/638395\/"},"modified":"2026-01-03T13:49:13","modified_gmt":"2026-01-03T13:49:13","slug":"bourse-aux-disques-a-strasbourg-2","status":"publish","type":"post","link":"https:\/\/www.europesays.com\/fr\/638395\/","title":{"rendered":"Bourse aux disques a Strasbourg"},"content":{"rendered":"<p>\t\t\t\t\t\t\t\t\t<a href=\"https:\/\/www.dna.fr\/pour-sortir\/loisirs\/Marche-brocante-vide-grenier\/Bourses\/Alsace\/Bas-rhin\/Strasbourg\/2026\/01\/11\/javascript:history.back();\" rel=\"nofollow noopener\" class=\"backToSearch\" target=\"_blank\">Retour \u00e0 la recherche<\/a><\/p>\n<p class=\"media-desc\" itemprop=\"description\">&#13;<br \/>\n\t\t\t\t\tPlus de 30 exposants fran\u00e7ais et allemands propose plus de 200 000 disques et CD avec ambiance vinyle lover.<br \/>\n&#13;<br \/>\n\t\t\t\t\t\t\t\t\t\t\t&#13;<br \/>\n\t\t\t\t\t\t\t\t\t\tDepuis 30 ans, la bourse aux disques de Strasbourg propose sur une journ\u00e9e avec le plus grand choix de disques vinyles. Tous les styles de musiques sont repr\u00e9sent\u00e9s : pop rock, vari\u00e9t\u00e9 fran\u00e7aise, \u00e9lectro, jazz, blues, disco, rap, dance, disco, m\u00e9tal, latino, fusion, imports, pressages japonais etc. Pour cette \u00e9dition les ann\u00e9es y\u00e9y\u00e9 \u00e0 l&rsquo;honneur avec  d\u00e9dicace du livre \u201cGen\u00e9 Vincent &#8211; Crazy Times  Tome I : 50s&rsquo;\u201d  par son auteur Thierry Liesenfeld. &#13;\n\t\t\t\t  <\/p>\n","protected":false},"excerpt":{"rendered":"Retour \u00e0 la recherche &#13; Plus de 30 exposants fran\u00e7ais et allemands propose plus de 200 000 disques&hellip;\n","protected":false},"author":2,"featured_media":638396,"comment_status":"","ping_status":"","sticky":false,"template":"","format":"standard","meta":{"footnotes":""},"categories":[2820],"tags":[1111,11,1777,674,1011,27,775,12,25,640],"class_list":{"0":"post-638395","1":"post","2":"type-post","3":"status-publish","4":"format-standard","5":"has-post-thumbnail","7":"category-strasbourg","8":"tag-actu","9":"tag-actualites","10":"tag-eu","11":"tag-europe","12":"tag-fr","13":"tag-france","14":"tag-grand-est","15":"tag-news","16":"tag-republique-francaise","17":"tag-strasbourg"},"share_on_mastodon":{"url":"https:\/\/pubeurope.com\/@fr\/115831489449678915","error":""},"_links":{"self":[{"href":"https:\/\/www.europesays.com\/fr\/wp-json\/wp\/v2\/posts\/638395","targetHints":{"allow":["GET"]}}],"collection":[{"href":"https:\/\/www.europesays.com\/fr\/wp-json\/wp\/v2\/posts"}],"about":[{"href":"https:\/\/www.europesays.com\/fr\/wp-json\/wp\/v2\/types\/post"}],"author":[{"embeddable":true,"href":"https:\/\/www.europesays.com\/fr\/wp-json\/wp\/v2\/users\/2"}],"replies":[{"embeddable":true,"href":"https:\/\/www.europesays.com\/fr\/wp-json\/wp\/v2\/comments?post=638395"}],"version-history":[{"count":0,"href":"https:\/\/www.europesays.com\/fr\/wp-json\/wp\/v2\/posts\/638395\/revisions"}],"wp:featuredmedia":[{"embeddable":true,"href":"https:\/\/www.europesays.com\/fr\/wp-json\/wp\/v2\/media\/638396"}],"wp:attachment":[{"href":"https:\/\/www.europesays.com\/fr\/wp-json\/wp\/v2\/media?parent=638395"}],"wp:term":[{"taxonomy":"category","embeddable":true,"href":"https:\/\/www.europesays.com\/fr\/wp-json\/wp\/v2\/categories?post=638395"},{"taxonomy":"post_tag","embeddable":true,"href":"https:\/\/www.europesays.com\/fr\/wp-json\/wp\/v2\/tags?post=638395"}],"curies":[{"name":"wp","href":"https:\/\/api.w.org\/{rel}","templated":true}]}}