{"id":638397,"date":"2026-01-03T13:50:18","date_gmt":"2026-01-03T13:50:18","guid":{"rendered":"https:\/\/www.europesays.com\/fr\/638397\/"},"modified":"2026-01-03T13:50:18","modified_gmt":"2026-01-03T13:50:18","slug":"ligue-1-le-racing-club-de-strasbourg-va-t-il-bien-commencer-lannee-a-nice-suivez-la-rencontre-en-direct-et-en-integralite-19h","status":"publish","type":"post","link":"https:\/\/www.europesays.com\/fr\/638397\/","title":{"rendered":"Ligue 1. Le Racing Club de Strasbourg va-t-il bien commencer l&rsquo;ann\u00e9e \u00e0 Nice\u00a0? Suivez la rencontre en direct et en int\u00e9gralit\u00e9 (19h)"},"content":{"rendered":"<p>En plein feuilleton Liam Rosenior, les Strasbourgeois d\u00e9butent 2026 par un d\u00e9placement \u00e0 Nice. O\u00f9 les Alsaciens tenteront de mettre fin \u00e0 une s\u00e9rie de quatre matches sans victoire en Ligue 1. Coup d&rsquo;envoie \u00e0 19 heures. Suivez la rencontre en direct et en int\u00e9gralit\u00e9.<\/p>\n<p>&#13;<br \/>\n              A Nice, Julien-Thomas Will &#8211; &#13;<br \/>\n        &#13;<br \/>\n          Aujourd&rsquo;hui \u00e0 11:15&#13;<br \/>\n    &#13;<br \/>\n        &#8211; Temps de lecture : &#13;<br \/>\n  &#13;\n<\/p>\n<p>                        &#13;<br \/>\n    &#13;<br \/>\n    &#13;<br \/>\n    <a href=\"https:\/\/cdn-s-www.lalsace.fr\/images\/FAF302B2-9B35-499E-A5FE-6D18D7C94481\/NW_raw\/valentin-barco-et-le-racing-retrouvent-nice-sur-la-cote-d-azur-photo-thomas-toussaint-1767377519.jpg\" title=\"Valentin Barco et le Racing retrouvent Nice, sur la C\u00f4te d&#039;Azur. Photo Thomas Toussaint\" class=\"chocolat-image GA-tracking\" data-ga_type=\"click\" data-ga_category=\"D\u00e9tail\" data-ga_action=\"zoomer\" data-ga_label=\"aggrandir image\" target=\"_blank\" rel=\"noopener\">&#13;<br \/>\n        <img src=\"https:\/\/www.europesays.com\/fr\/wp-content\/uploads\/2026\/01\/valentin-barco-et-le-racing-retrouvent-nice-sur-la-cote-d-azur-photo-thomas-toussaint-1767377519.jpg\"   alt=\"Valentin Barco et le Racing retrouvent Nice, sur la C\u00f4te d'Azur. Photo Thomas Toussaint\" fetchpriority=\"high\" decoding=\"async\" data-mobile=\"NW_detail_M|1767377519\" data-base=\"NW_detail|1767377519\"\/>&#13;<br \/>\n    <\/a>&#13;<\/p>\n<p>Valentin Barco et le Racing retrouvent Nice, sur la C\u00f4te d&rsquo;Azur. Photo Thomas Toussaint<\/p>\n","protected":false},"excerpt":{"rendered":"En plein feuilleton Liam Rosenior, les Strasbourgeois d\u00e9butent 2026 par un d\u00e9placement \u00e0 Nice. O\u00f9 les Alsaciens tenteront&hellip;\n","protected":false},"author":2,"featured_media":638398,"comment_status":"","ping_status":"","sticky":false,"template":"","format":"standard","meta":{"footnotes":""},"categories":[2820],"tags":[1111,11,2389,3545,1777,674,107,1011,27,775,3544,12,41281,25,517,640],"class_list":{"0":"post-638397","1":"post","2":"type-post","3":"status-publish","4":"format-standard","5":"has-post-thumbnail","7":"category-strasbourg","8":"tag-actu","9":"tag-actualites","10":"tag-alsace","11":"tag-direct-sport","12":"tag-eu","13":"tag-europe","14":"tag-fil-info","15":"tag-fr","16":"tag-france","17":"tag-grand-est","18":"tag-matchs-en-direct","19":"tag-news","20":"tag-racing-club-strasbourg-masculin","21":"tag-republique-francaise","22":"tag-sport","23":"tag-strasbourg"},"share_on_mastodon":{"url":"https:\/\/pubeurope.com\/@fr\/115831493364902954","error":""},"_links":{"self":[{"href":"https:\/\/www.europesays.com\/fr\/wp-json\/wp\/v2\/posts\/638397","targetHints":{"allow":["GET"]}}],"collection":[{"href":"https:\/\/www.europesays.com\/fr\/wp-json\/wp\/v2\/posts"}],"about":[{"href":"https:\/\/www.europesays.com\/fr\/wp-json\/wp\/v2\/types\/post"}],"author":[{"embeddable":true,"href":"https:\/\/www.europesays.com\/fr\/wp-json\/wp\/v2\/users\/2"}],"replies":[{"embeddable":true,"href":"https:\/\/www.europesays.com\/fr\/wp-json\/wp\/v2\/comments?post=638397"}],"version-history":[{"count":0,"href":"https:\/\/www.europesays.com\/fr\/wp-json\/wp\/v2\/posts\/638397\/revisions"}],"wp:featuredmedia":[{"embeddable":true,"href":"https:\/\/www.europesays.com\/fr\/wp-json\/wp\/v2\/media\/638398"}],"wp:attachment":[{"href":"https:\/\/www.europesays.com\/fr\/wp-json\/wp\/v2\/media?parent=638397"}],"wp:term":[{"taxonomy":"category","embeddable":true,"href":"https:\/\/www.europesays.com\/fr\/wp-json\/wp\/v2\/categories?post=638397"},{"taxonomy":"post_tag","embeddable":true,"href":"https:\/\/www.europesays.com\/fr\/wp-json\/wp\/v2\/tags?post=638397"}],"curies":[{"name":"wp","href":"https:\/\/api.w.org\/{rel}","templated":true}]}}