{"id":638401,"date":"2026-01-03T13:52:15","date_gmt":"2026-01-03T13:52:15","guid":{"rendered":"https:\/\/www.europesays.com\/fr\/638401\/"},"modified":"2026-01-03T13:52:15","modified_gmt":"2026-01-03T13:52:15","slug":"16-absents-nice-decime-pour-la-premiere-de-puel","status":"publish","type":"post","link":"https:\/\/www.europesays.com\/fr\/638401\/","title":{"rendered":"16 absents, Nice d\u00e9cim\u00e9 pour la premi\u00e8re de Puel"},"content":{"rendered":"<p><b>Nice accueille Strasbourg ce samedi (19h) pour la premi\u00e8re de Claude Puel depuis son retour sur la C\u00f4te d\u2019Azur. Un match pour lequel les Aiglons sont d\u00e9cim\u00e9s puisque 16 joueurs manquent \u00e0 l\u2019appel.<\/b><\/p>\n<p>Diouf, Mendy, Abdi et Boudaoui sont \u00e0 la CAN. De leur c\u00f4t\u00e9, Vanhoutte et Louchet sont suspendus. Enfin, Dante, Bombito, Ndayishimiye, Abdelmonem, Bernardeau, Coulibaly, Jansson et Kevin Carlos sont eux bless\u00e9s. Enfin et cela dure depuis un moment d\u00e9sormais, Boga et Moffi sont toujours en arr\u00eat maladie. Autant dire qu\u2019un succ\u00e8s du Gym pour la premi\u00e8re de Claude Puel face \u00e0 une \u00e9quipe sup\u00e9rieure sur le papier, \u00e0 savoir Strasbourg, serait un vrai exploit. Et cela m\u00eame si du c\u00f4t\u00e9 du Racing aussi, il y a quelques tourments ces derniers temps avec notamment <a href=\"https:\/\/www.foot01.com\/strasbourg\/rosenior-prepare-ses-valises-accord-imminent-entre-strasbourg-et-chelsea\" target=\"_self\" rel=\"noopener\">le probable d\u00e9part de Liam Rosenior vers Chelsea<\/a>.<\/p>\n","protected":false},"excerpt":{"rendered":"Nice accueille Strasbourg ce samedi (19h) pour la premi\u00e8re de Claude Puel depuis son retour sur la C\u00f4te&hellip;\n","protected":false},"author":2,"featured_media":638402,"comment_status":"","ping_status":"","sticky":false,"template":"","format":"standard","meta":{"footnotes":""},"categories":[2819],"tags":[1111,11,8936,1777,674,1011,27,66,12,2401,2268,882,24894,25],"class_list":{"0":"post-638401","1":"post","2":"type-post","3":"status-publish","4":"format-standard","5":"has-post-thumbnail","7":"category-nice","8":"tag-actu","9":"tag-actualites","10":"tag-breaking-news","11":"tag-eu","12":"tag-europe","13":"tag-fr","14":"tag-france","15":"tag-ligue-1","16":"tag-news","17":"tag-nice","18":"tag-ogc-nice","19":"tag-provence-alpes-cote-dazur","20":"tag-rcsa","21":"tag-republique-francaise"},"share_on_mastodon":{"url":"https:\/\/pubeurope.com\/@fr\/115831501124180414","error":""},"_links":{"self":[{"href":"https:\/\/www.europesays.com\/fr\/wp-json\/wp\/v2\/posts\/638401","targetHints":{"allow":["GET"]}}],"collection":[{"href":"https:\/\/www.europesays.com\/fr\/wp-json\/wp\/v2\/posts"}],"about":[{"href":"https:\/\/www.europesays.com\/fr\/wp-json\/wp\/v2\/types\/post"}],"author":[{"embeddable":true,"href":"https:\/\/www.europesays.com\/fr\/wp-json\/wp\/v2\/users\/2"}],"replies":[{"embeddable":true,"href":"https:\/\/www.europesays.com\/fr\/wp-json\/wp\/v2\/comments?post=638401"}],"version-history":[{"count":0,"href":"https:\/\/www.europesays.com\/fr\/wp-json\/wp\/v2\/posts\/638401\/revisions"}],"wp:featuredmedia":[{"embeddable":true,"href":"https:\/\/www.europesays.com\/fr\/wp-json\/wp\/v2\/media\/638402"}],"wp:attachment":[{"href":"https:\/\/www.europesays.com\/fr\/wp-json\/wp\/v2\/media?parent=638401"}],"wp:term":[{"taxonomy":"category","embeddable":true,"href":"https:\/\/www.europesays.com\/fr\/wp-json\/wp\/v2\/categories?post=638401"},{"taxonomy":"post_tag","embeddable":true,"href":"https:\/\/www.europesays.com\/fr\/wp-json\/wp\/v2\/tags?post=638401"}],"curies":[{"name":"wp","href":"https:\/\/api.w.org\/{rel}","templated":true}]}}