{"id":638405,"date":"2026-01-03T13:57:13","date_gmt":"2026-01-03T13:57:13","guid":{"rendered":"https:\/\/www.europesays.com\/fr\/638405\/"},"modified":"2026-01-03T13:57:13","modified_gmt":"2026-01-03T13:57:13","slug":"bordeaux-previsions-meteo-du-samedi-03-janvier-2026","status":"publish","type":"post","link":"https:\/\/www.europesays.com\/fr\/638405\/","title":{"rendered":"Bordeaux : pr\u00e9visions m\u00e9t\u00e9o du samedi 03 janvier 2026"},"content":{"rendered":"<p>\u00c0 Bordeaux, la journ\u00e9e d\u00e9bute sous un brouillard dense et des temp\u00e9ratures n\u00e9gatives, avec une am\u00e9lioration progressive vers un ciel variable. La fra\u00eecheur persiste tout au long de l\u2019apr\u00e8s-midi et de la soir\u00e9e, sans pr\u00e9cipitations.<\/p>\n<p>    Matin : grisaille dense et givre d\u00e8s l\u2019aube<\/p>\n<p>Le soleil se l\u00e8ve \u00e0 08 h 39 sur la Garonne. Avant qu\u2019il n\u2019apparaisse, un brouillard tenace enveloppe la Cit\u00e9 du Vin, r\u00e9duisant la visibilit\u00e9 et favorisant la formation de givre sur les routes et les pare-brise.<\/p>\n<p>\u00c0 09 h, le relev\u00e9 officiel indique <b>-2 \u00b0C<\/b>, avec un ressenti de <b>-5 \u00b0C<\/b> sous un ciel tr\u00e8s nuageux. L\u2019humidit\u00e9 atteint <b>95 %<\/b>. Une brise discr\u00e8te de nord-nord-est souffle \u00e0 4 km\/h, sans rafales notables.<\/p>\n<p>Il est conseill\u00e9 d\u2019allonger l\u00e9g\u00e8rement les temps de trajet et de porter des gants. Les deux-roues doivent rester vigilants face \u00e0 des zones glissantes, notamment sur les ponts.<\/p>\n<p>Pour suivre l\u2019\u00e9volution en temps r\u00e9el, rendez-vous sur <a href=\"https:\/\/www.meteocity.com\/france\/bordeaux-v3031582\" target=\"_blank\" rel=\"noopener\">notre page Bordeaux<\/a>.<\/p>\n<p>Apr\u00e8s-midi : \u00e9claircies timides et fra\u00eecheur persistante<\/p>\n<p>Entre midi et 15 h, la couverture nuageuse se d\u00e9chire par instants, offrant un ciel variable et quelques \u00e9claircies bienvenues pour la reprise des soldes. Le mercure atteint un modeste <b>3 \u00b0C<\/b>, ressenti <b>-1 \u00b0C<\/b>.<\/p>\n<p>L\u2019air reste sec, aucune pr\u00e9cipitation n\u2019est attendue. L\u2019humidit\u00e9 descend \u00e0 <b>77 %<\/b> et la visibilit\u00e9 s\u2019am\u00e9liore. Le vent de secteur NNE souffle \u00e0 10 km\/h. Les mod\u00e8les annoncent un indice UV faible, mais il est tout de m\u00eame conseill\u00e9 de porter des lunettes lors des \u00e9claircies.<\/p>\n<p>Pour vos d\u00e9placements doux, privil\u00e9giez les pistes cyclables d\u00e9gag\u00e9es. Le risque de verglas devient marginal, mais la fra\u00eecheur impose des pauses r\u00e9guli\u00e8res pour les travailleurs en ext\u00e9rieur.<\/p>\n<p>Soir : retour du froid sous un ciel partag\u00e9<\/p>\n<p>Le soleil se couche \u00e0 17 h 33, baignant les fa\u00e7ades blondes d\u2019une lumi\u00e8re dor\u00e9e. Apr\u00e8s 18 h, le thermom\u00e8tre repasse sous z\u00e9ro : <b>-1 \u00b0C<\/b> mesur\u00e9s \u00e0 21 h, ressenti <b>-4 \u00b0C<\/b>.<\/p>\n<p>Le ciel reste changeant. Aucune averse n\u2019est pr\u00e9vue, la pression atteint <b>1013 hPa<\/b>. Le vent reste faible, soufflant \u00e0 8 km\/h du NNE. L\u2019humidit\u00e9, \u00e0 81 %, favorise la ros\u00e9e puis le gel. Sur la rocade, attention \u00e0 la formation de plaques localis\u00e9es.<\/p>\n<p>Les jardiniers amateurs peuvent prot\u00e9ger les plantes sensibles. Les viticulteurs surveillent les bourgeons, encore en dormance mais vuln\u00e9rables \u00e0 une descente sous -3 \u00b0C en fin de nuit.<\/p>\n<p>Tendance pour demain : couverture nuageuse tenace, froid sec<\/p>\n<p>Le 4 janvier s\u2019annonce sans pr\u00e9cipitations. Les sc\u00e9narios convergent vers un ciel tr\u00e8s nuageux, domin\u00e9 par un flux de nord-nord-est.<\/p>\n<ul>\n<li><b>Temp\u00e9rature minimale : -3 \u00b0C<\/b> \u00e0 l\u2019aube, ressenti -6 \u00b0C.<\/li>\n<li><b>Temp\u00e9rature maximale : 3 \u00b0C<\/b> l\u2019apr\u00e8s-midi, ressenti -2 \u00b0C.<\/li>\n<li>Vent moyen de 15 km\/h, sec et mordant.<\/li>\n<\/ul>\n<p>La qualit\u00e9 de l\u2019air reste ind\u00e9termin\u00e9e, mais la stabilit\u00e9 atmosph\u00e9rique pourrait concentrer les particules fines. Il est recommand\u00e9 de limiter les chauffages d\u2019appoint au bois en attendant un renforcement de la ventilation.<\/p>\n<p>Pour pr\u00e9parer vos sorties ou visites des vignobles, consultez <a href=\"https:\/\/www.meteocity.com\/france\/bordeaux-v3031582\/tourisme\" target=\"_blank\" rel=\"noopener\">notre page tourisme<\/a>.<\/p>\n","protected":false},"excerpt":{"rendered":"\u00c0 Bordeaux, la journ\u00e9e d\u00e9bute sous un brouillard dense et des temp\u00e9ratures n\u00e9gatives, avec une am\u00e9lioration progressive vers&hellip;\n","protected":false},"author":2,"featured_media":638406,"comment_status":"","ping_status":"","sticky":false,"template":"","format":"standard","meta":{"footnotes":""},"categories":[2817],"tags":[1111,11,1997,1777,674,1011,27,12,2219,25],"class_list":{"0":"post-638405","1":"post","2":"type-post","3":"status-publish","4":"format-standard","5":"has-post-thumbnail","7":"category-bordeaux","8":"tag-actu","9":"tag-actualites","10":"tag-bordeaux","11":"tag-eu","12":"tag-europe","13":"tag-fr","14":"tag-france","15":"tag-news","16":"tag-nouvelle-aquitaine","17":"tag-republique-francaise"},"share_on_mastodon":{"url":"https:\/\/pubeurope.com\/@fr\/115831521014345374","error":""},"_links":{"self":[{"href":"https:\/\/www.europesays.com\/fr\/wp-json\/wp\/v2\/posts\/638405","targetHints":{"allow":["GET"]}}],"collection":[{"href":"https:\/\/www.europesays.com\/fr\/wp-json\/wp\/v2\/posts"}],"about":[{"href":"https:\/\/www.europesays.com\/fr\/wp-json\/wp\/v2\/types\/post"}],"author":[{"embeddable":true,"href":"https:\/\/www.europesays.com\/fr\/wp-json\/wp\/v2\/users\/2"}],"replies":[{"embeddable":true,"href":"https:\/\/www.europesays.com\/fr\/wp-json\/wp\/v2\/comments?post=638405"}],"version-history":[{"count":0,"href":"https:\/\/www.europesays.com\/fr\/wp-json\/wp\/v2\/posts\/638405\/revisions"}],"wp:featuredmedia":[{"embeddable":true,"href":"https:\/\/www.europesays.com\/fr\/wp-json\/wp\/v2\/media\/638406"}],"wp:attachment":[{"href":"https:\/\/www.europesays.com\/fr\/wp-json\/wp\/v2\/media?parent=638405"}],"wp:term":[{"taxonomy":"category","embeddable":true,"href":"https:\/\/www.europesays.com\/fr\/wp-json\/wp\/v2\/categories?post=638405"},{"taxonomy":"post_tag","embeddable":true,"href":"https:\/\/www.europesays.com\/fr\/wp-json\/wp\/v2\/tags?post=638405"}],"curies":[{"name":"wp","href":"https:\/\/api.w.org\/{rel}","templated":true}]}}