{"id":638413,"date":"2026-01-03T14:02:10","date_gmt":"2026-01-03T14:02:10","guid":{"rendered":"https:\/\/www.europesays.com\/fr\/638413\/"},"modified":"2026-01-03T14:02:10","modified_gmt":"2026-01-03T14:02:10","slug":"un-ancien-policier-agresse-pour-sa-rolex-dans-le-10e-arrondissement-de-marseille","status":"publish","type":"post","link":"https:\/\/www.europesays.com\/fr\/638413\/","title":{"rendered":"Un ancien policier agress\u00e9 pour sa Rolex dans le 10e arrondissement de Marseille"},"content":{"rendered":"<p>Comme bien des victimes dont il a eu \u00e0 s&rsquo;occuper au cours de sa carri\u00e8re de policier, Michel est encore pris par un sentiment de culpabilit\u00e9. Ce soir du samedi 27 d\u00e9cembre 2025, vers 19h30, cet ancien commandant de police de 67 ans a commis \u00ab\u00a0l&rsquo;erreur\u00a0\u00bb de sortir de chez lui en bras de chemise, simplement v\u00eatu d&rsquo;une doudoune sans manches&#8230; et d&rsquo;<a href=\"https:\/\/www.laprovence.com\/article\/faits-divers-justice\/7538855377145214\/aix-en-provence-il-tente-dacheter-une-rolex-avec-de-faux-billets\" target=\"_blank\" rel=\"noopener\">une Rolex <\/a>au poignet, la montre qui lui avait \u00e9t\u00e9 offerte pour ses 50 ans. Juste le temps d&rsquo;un passage au bureau de tabac de son quartier, sur l&rsquo;avenue de Toulon, dans le 10e arrondissement de Marseille. Mais il n&rsquo;a pas fallu plus longtemps pour que cette Oyster perpetual tout acier \u00e0 fond bleu marine tape dans l&rsquo;\u0153il de quelque voyoux \u00e0 l&rsquo;aff\u00fbt, \u00e0 l&rsquo;entr\u00e9e du commerce.<\/p>\n<p>Surpris par derri\u00e8re et rou\u00e9 de coups<\/p>\n<p>En ressortant du tabac, Michel a \u00e9t\u00e9 suivi par deux hommes qui, quelques dizaines de m\u00e8tres plus loin, profitant d&rsquo;un sombre renfoncement au niveau du n\u00b0184, lui ont saut\u00e9 dessus. Attaqu\u00e9 par derri\u00e8re et \u00e9trangl\u00e9, le jeune retrait\u00e9, encore alerte, a tout de m\u00eame eu le temps d&rsquo;envoyer l&rsquo;un de ses agresseurs au tapis, avant de recevoir une vol\u00e9e de coups et d&rsquo;\u00eatre, \u00e0 son tour, mis au sol par les deux hommes. Ces derniers lui ont <a href=\"https:\/\/www.laprovence.com\/article\/faits-divers-justice\/6174182730768114\/un-coiffeur-des-catalans-a-marseille-violemment-agresse-a-coup-de-crosse-pour-sa-rolex\" target=\"_blank\" rel=\"noopener\">arrach\u00e9 la montre<\/a> avant de prendre la fuite, laissant la victime sonn\u00e9e comme un boxeur. L&rsquo;ancien officier a n\u00e9anmoins reconnu les deux hommes qu&rsquo;il avait rep\u00e9r\u00e9s \u00e0 l&rsquo;ext\u00e9rieur du tabac quelques instants plus t\u00f4t &#8211; un vieux r\u00e9flexe &#8211; et qui avaient vraisemblablement \u00e9t\u00e9 \u00ab\u00a0d\u00e9clench\u00e9s\u00a0\u00bb par un troisi\u00e8me homme \u00e0 l&rsquo;int\u00e9rieur. Mais \u00e0 son retour dans le commerce, tous avaient bien s\u00fbr disparu.<\/p>\n<p>Un suspect interpell\u00e9 et \u00e9crou\u00e9<\/p>\n<p>Quelques minutes plus tard, les policiers du service d\u00e9partemental de nuit et les agents du centre de supervision urbain ont pass\u00e9 les lieux au peigne fin pour identifier le trio. Mais c&rsquo;est par hasard, le lendemain, que l&rsquo;un d&rsquo;eux a \u00e9t\u00e9 retrouv\u00e9, par Michel lui-m\u00eame, repass\u00e9 par la placette o\u00f9 il avait \u00e9t\u00e9 suivi. Le suspect, en fait l&rsquo;homme qui se trouvait \u00e0 l&rsquo;int\u00e9rieur du bar, a \u00e9t\u00e9 interpell\u00e9 par un \u00e9quipage de la BAC Centre peu apr\u00e8s et plac\u00e9 en garde \u00e0 vue. \u00c0 l&rsquo;issue, une information judiciaire a \u00e9t\u00e9 ouverte et le trentenaire a \u00e9t\u00e9 mis en examen ce mardi et plac\u00e9 en d\u00e9tention provisoire.<\/p>\n<p>Mais au-del\u00e0 du vol de sa montre, et du sentiment de culpabilit\u00e9, Michel a aussi \u00e9t\u00e9 bless\u00e9 &#8211; il s&rsquo;est vu prescrire presque cinq jours d&rsquo;ITT \u00e0 l&rsquo;institut m\u00e9dico-l\u00e9gal. Les deux agresseurs sont, eux, toujours activement recherch\u00e9s, ainsi que la Rolex (pour tout t\u00e9moignage ou \u00e9l\u00e9ment qui permettrait de faire avancer les recherches, contactez le 17).<\/p>\n","protected":false},"excerpt":{"rendered":"Comme bien des victimes dont il a eu \u00e0 s&rsquo;occuper au cours de sa carri\u00e8re de policier, Michel&hellip;\n","protected":false},"author":2,"featured_media":638414,"comment_status":"","ping_status":"","sticky":false,"template":"","format":"standard","meta":{"footnotes":""},"categories":[2814],"tags":[3580,5734,1111,11,8058,4255,1446,1777,674,274,1011,27,884,12,10910,471,882,25,699],"class_list":{"0":"post-638413","1":"post","2":"type-post","3":"status-publish","4":"format-standard","5":"has-post-thumbnail","7":"category-marseille","8":"tag-10e","9":"tag-5734","10":"tag-actu","11":"tag-actualites","12":"tag-agresse","13":"tag-ancien","14":"tag-dans","15":"tag-eu","16":"tag-europe","17":"tag-faits-divers-justice","18":"tag-fr","19":"tag-france","20":"tag-marseille","21":"tag-news","22":"tag-policier","23":"tag-pour","24":"tag-provence-alpes-cote-dazur","25":"tag-republique-francaise","26":"tag-rolex"},"share_on_mastodon":{"url":"https:\/\/pubeurope.com\/@fr\/115831540488621974","error":""},"_links":{"self":[{"href":"https:\/\/www.europesays.com\/fr\/wp-json\/wp\/v2\/posts\/638413","targetHints":{"allow":["GET"]}}],"collection":[{"href":"https:\/\/www.europesays.com\/fr\/wp-json\/wp\/v2\/posts"}],"about":[{"href":"https:\/\/www.europesays.com\/fr\/wp-json\/wp\/v2\/types\/post"}],"author":[{"embeddable":true,"href":"https:\/\/www.europesays.com\/fr\/wp-json\/wp\/v2\/users\/2"}],"replies":[{"embeddable":true,"href":"https:\/\/www.europesays.com\/fr\/wp-json\/wp\/v2\/comments?post=638413"}],"version-history":[{"count":0,"href":"https:\/\/www.europesays.com\/fr\/wp-json\/wp\/v2\/posts\/638413\/revisions"}],"wp:featuredmedia":[{"embeddable":true,"href":"https:\/\/www.europesays.com\/fr\/wp-json\/wp\/v2\/media\/638414"}],"wp:attachment":[{"href":"https:\/\/www.europesays.com\/fr\/wp-json\/wp\/v2\/media?parent=638413"}],"wp:term":[{"taxonomy":"category","embeddable":true,"href":"https:\/\/www.europesays.com\/fr\/wp-json\/wp\/v2\/categories?post=638413"},{"taxonomy":"post_tag","embeddable":true,"href":"https:\/\/www.europesays.com\/fr\/wp-json\/wp\/v2\/tags?post=638413"}],"curies":[{"name":"wp","href":"https:\/\/api.w.org\/{rel}","templated":true}]}}