{"id":638417,"date":"2026-01-03T14:04:12","date_gmt":"2026-01-03T14:04:12","guid":{"rendered":"https:\/\/www.europesays.com\/fr\/638417\/"},"modified":"2026-01-03T14:04:12","modified_gmt":"2026-01-03T14:04:12","slug":"la7-et-la450-sont-concernees","status":"publish","type":"post","link":"https:\/\/www.europesays.com\/fr\/638417\/","title":{"rendered":"l\u2019A7 et l\u2019A450 sont concern\u00e9es"},"content":{"rendered":"<p>Des travaux de r\u00e9novation du viaduc de l\u2019A7 s\u2019\u00e9taleront sur trois nuits cons\u00e9cutives du lundi\u00a05 au mercredi 7\u00a0janvier inclus, entre 21 heures et 6 heures du matin.<\/p>\n<p>Le chantier, r\u00e9alis\u00e9 par la Direction interd\u00e9partementale des Routes Centre-Est, permettra \u00e0 l\u2019A7 de franchir le Rh\u00f4ne entre les deux \u00e9changeurs A450 \u2013 A7 et A7 \u2013 p\u00e9riph\u00e9rique sur les communes de Pierre-B\u00e9nite et de Saint-Fons.<\/p>\n<p>  Itin\u00e9raires de substitution<\/p>\n<p>L\u2019A7 entre les \u00e9changeurs de Pierre-B\u00e9nite et Saint-Fons sera totalement ferm\u00e9e \u00e0 la circulation dans le sens nord-sud. La bretelle de l\u2019A450 vers l\u2019A7 Marseille dans le sens ouest-sud sera \u00e9galement ferm\u00e9e sur la commune de Pierre-B\u00e9nite.<\/p>\n<p>Pendant les travaux, les usagers sont incit\u00e9s \u00e0 \u00e9viter la zone en empruntant les axes de transit\u00a0: Rocade Est +\u00a0A46, D383 +\u00a0BPNL, D383 +\u00a0A42 +\u00a0A46.<\/p>\n<p>Les viaducs de Pierre-B\u00e9nite sont emprunt\u00e9s par pr\u00e8s de 150\u00a0000 v\u00e9hicules chaque jour. Les travaux de r\u00e9novation visent \u00e9galement \u00e0 renforcer la solidit\u00e9 des ouvrages.<\/p>\n","protected":false},"excerpt":{"rendered":"Des travaux de r\u00e9novation du viaduc de l\u2019A7 s\u2019\u00e9taleront sur trois nuits cons\u00e9cutives du lundi\u00a05 au mercredi 7\u00a0janvier&hellip;\n","protected":false},"author":2,"featured_media":638418,"comment_status":"","ping_status":"","sticky":false,"template":"","format":"standard","meta":{"footnotes":""},"categories":[1889],"tags":[1111,11,2430,3542,3152,2757,3154,1777,674,107,1011,27,2428,2756,12,15665,25,2429,12592,2803],"class_list":{"0":"post-638417","1":"post","2":"type-post","3":"status-publish","4":"format-standard","5":"has-post-thumbnail","7":"category-lyon","8":"tag-actu","9":"tag-actualites","10":"tag-auvergne-rhone-alpes","11":"tag-circulation","12":"tag-edition-est-lyonnais","13":"tag-edition-lyon-villeurbanne","14":"tag-edition-sud-lyonnais","15":"tag-eu","16":"tag-europe","17":"tag-fil-info","18":"tag-fr","19":"tag-france","20":"tag-lyon","21":"tag-lyon-bassin","22":"tag-news","23":"tag-oullins-pierre-benite","24":"tag-republique-francaise","25":"tag-rhone","26":"tag-saint-fons","27":"tag-transport"},"share_on_mastodon":{"url":"https:\/\/pubeurope.com\/@fr\/115831548589513511","error":""},"_links":{"self":[{"href":"https:\/\/www.europesays.com\/fr\/wp-json\/wp\/v2\/posts\/638417","targetHints":{"allow":["GET"]}}],"collection":[{"href":"https:\/\/www.europesays.com\/fr\/wp-json\/wp\/v2\/posts"}],"about":[{"href":"https:\/\/www.europesays.com\/fr\/wp-json\/wp\/v2\/types\/post"}],"author":[{"embeddable":true,"href":"https:\/\/www.europesays.com\/fr\/wp-json\/wp\/v2\/users\/2"}],"replies":[{"embeddable":true,"href":"https:\/\/www.europesays.com\/fr\/wp-json\/wp\/v2\/comments?post=638417"}],"version-history":[{"count":0,"href":"https:\/\/www.europesays.com\/fr\/wp-json\/wp\/v2\/posts\/638417\/revisions"}],"wp:featuredmedia":[{"embeddable":true,"href":"https:\/\/www.europesays.com\/fr\/wp-json\/wp\/v2\/media\/638418"}],"wp:attachment":[{"href":"https:\/\/www.europesays.com\/fr\/wp-json\/wp\/v2\/media?parent=638417"}],"wp:term":[{"taxonomy":"category","embeddable":true,"href":"https:\/\/www.europesays.com\/fr\/wp-json\/wp\/v2\/categories?post=638417"},{"taxonomy":"post_tag","embeddable":true,"href":"https:\/\/www.europesays.com\/fr\/wp-json\/wp\/v2\/tags?post=638417"}],"curies":[{"name":"wp","href":"https:\/\/api.w.org\/{rel}","templated":true}]}}