{"id":638419,"date":"2026-01-03T14:05:19","date_gmt":"2026-01-03T14:05:19","guid":{"rendered":"https:\/\/www.europesays.com\/fr\/638419\/"},"modified":"2026-01-03T14:05:19","modified_gmt":"2026-01-03T14:05:19","slug":"remontada-contre-lyon-the-matcha-et-causeries-pourquoi-il-faut-regarder-le-2e-episode-de-la-serie-inside-sur-le-paris-fc","status":"publish","type":"post","link":"https:\/\/www.europesays.com\/fr\/638419\/","title":{"rendered":"Remontada contre Lyon, th\u00e9 matcha et causeries : pourquoi il faut regarder le 2e \u00e9pisode de la s\u00e9rie inside sur le Paris FC"},"content":{"rendered":"<p class=\"paragraph text_align_left lp-f-body-02\">\u00c0 quelques heures du derby contre le PSG,<a href=\"https:\/\/www.leparisien.fr\/sports\/football\/ligue-1\/a-force-on-oublie-un-peu-les-cameras-dans-les-coulisses-de-la-serie-inside-de-ligue-1-sur-le-paris-fc-03-10-2025-BZC6KLIMEFC3VO2SSSJCFAIZP4.php\" target=\"_self\" rel=\"noopener\"> la cha\u00eene Ligue 1 + diffusera le 2e \u00e9pisode de sa s\u00e9rie inside<\/a> consacr\u00e9e au <a href=\"https:\/\/www.leparisien.fr\/sports\/football\/paris-fc\/\" target=\"_self\" rel=\"noopener\">Paris FC<\/a> ce dimanche \u00e0 11 heures. Intitul\u00e9 \u00ab une nouvelle dimension \u00bb, il d\u00e9bute par les images de la conf\u00e9rence de presse du 8 d\u00e9cembre autour de l\u2019agrandissement du centre d\u2019entra\u00eenement et de formation d\u2019Orly. \u00ab On veut cr\u00e9er un club qui sur le long terme donnera du r\u00eave aux supporters de foot \u00e0 Paris, en \u00cele-de-France et en France. La cl\u00e9 de vo\u00fbte ce projet est la construction d\u2019un grand centre de formation \u00bb, rappelle une nouvelle fois le propri\u00e9taire Antoine Arnault d\u00e8s les premi\u00e8res minutes.<\/p>\n<p class=\"\">Ce 2e \u00e9pisode retrace essentiellement les matchs, de la 4e journ\u00e9e et la victoire \u00e0 Brest (2-1) \u00e0 la d\u00e9b\u00e2cle contre Toulouse \u00e0 Jean-Bouin (0-3) lors de la 16e journ\u00e9e le 14 d\u00e9cembre dernier. Avec trois joueurs comme t\u00e9moins de cette p\u00e9riode pour raconter la lente d\u00e9gringolade en termes de r\u00e9sultats : Pierre Lees-Melou, Adama Camara et Hamari Traor\u00e9 : \u00ab C\u2019est compliqu\u00e9, \u00e0 nous de remettre \u00e0 l\u2019endroit \u00bb, lance Lees-Melou.<\/p>\n<p class=\"\">Les images de l\u2019entra\u00eenement o\u00f9 l\u2019on voit le pr\u00e9sident Pierre Ferracci et l\u2019entra\u00eeneur adjoint Armand Sene \u00e9changer en toute d\u00e9contraction avant le match de Rennes le 7 novembre avec l\u2019objectif de \u00ab 22 points \u00e0 la tr\u00eave \u00bb paraissent aujourd\u2019hui tr\u00e8s loin. \u00c0 ce moment, le Paris FC sortait d\u2019un match \u00e9pique contre Lyon (3-3) et d\u2019une victoire \u00e0 Monaco (1-0) le 1er novembre. Il n\u2019a plus gagn\u00e9 depuis.<\/p>\n<p>\u00ab L\u2019aura \u00bb de Trapp<\/p>\n<p class=\"\">Les images inside de la remontada de 0-3 \u00e0 3-3 contre Lyon constituent un moment fort de cet \u00e9pisode. On peut aussi ressortir la causerie tactique de St\u00e9phane Gilli avant le match de Rennes o\u00f9 un hilarant r\u00e9veil musculaire dans une salle d\u2019un h\u00f4tel de Lille le matin du match du 23 novembre. Le 3e gardien Remy Riou est aussi mis en avant. Une cam\u00e9ra et un micro sont pos\u00e9s sur lui tout au long du match contre Rennes et on assiste \u00e0 toutes ses r\u00e9actions en tribune.<\/p>\n<p class=\"\"><a href=\"https:\/\/www.leparisien.fr\/sports\/football\/paris-fc\/kevin-trapp-un-gardien-amoureux-de-paris-quand-tu-es-devant-le-sacre-coeur-et-que-tu-vois-toute-la-ville-03-01-2026-2MX56IRU2VEMZNY2UJJ7ZZSVNI.php\" target=\"_blank\" rel=\"noreferrer noopener\">Un focus sur Kevin Trapp est aussi propos\u00e9.<\/a> St\u00e9phane Gilli explique la gen\u00e8se de sa venue gr\u00e2ce \u00e0 \u00ab un ami \u00e0 Francfort qui m\u2019a donn\u00e9 son contact \u00bb. On voit arriver le gardien allemand un matin \u00e0 l\u2019entra\u00eenement tr\u00e8s appr\u00eat\u00e9, chaussures de marque et grand manteau. \u00ab Monsieur le pr\u00e9sident, le 1er chancelier allemand \u00bb, chambre Riou. La camera filme ensuite quelques tranches de vie du vestiaire comme une discussion autour des bienfaits du matcha avec Trapp. On le retrouve ensuite en s\u00e9ance vid\u00e9o avec l\u2019entra\u00eeneur des gardiens Micka\u00ebl Boully. Camara ou Lees-Melou \u00e9voquent \u00ab l\u2019aura et une super personne \u00bb en parlant de Trapp.<\/p>\n<p class=\"\">L\u2019\u00e9pisode s\u2019ach\u00e8ve comme il avait commenc\u00e9 par la conf\u00e9rence de presse du 8 d\u00e9cembre. \u00ab On veut construire un vrai tr\u00e8s beau centre d\u2019entra\u00eenement et de formation. On esp\u00e8re avoir plusieurs joueurs form\u00e9s chez nous en \u00e9quipe premi\u00e8re, mais ce n\u2019est pas pour tout de suite. Il faudra certainement attendre 7-8 ans. On est sur un temps long sur ce projet \u00bb, rappelle Antoine Arnault en guise de conclusion.<\/p>\n","protected":false},"excerpt":{"rendered":"\u00c0 quelques heures du derby contre le PSG, la cha\u00eene Ligue 1 + diffusera le 2e \u00e9pisode de&hellip;\n","protected":false},"author":2,"featured_media":638420,"comment_status":"","ping_status":"","sticky":false,"template":"","format":"standard","meta":{"footnotes":""},"categories":[1889],"tags":[1111,11,2430,1777,674,63,1011,27,66,2428,12,25,60],"class_list":{"0":"post-638419","1":"post","2":"type-post","3":"status-publish","4":"format-standard","5":"has-post-thumbnail","7":"category-lyon","8":"tag-actu","9":"tag-actualites","10":"tag-auvergne-rhone-alpes","11":"tag-eu","12":"tag-europe","13":"tag-football","14":"tag-fr","15":"tag-france","16":"tag-ligue-1","17":"tag-lyon","18":"tag-news","19":"tag-republique-francaise","20":"tag-sports"},"share_on_mastodon":{"url":"https:\/\/pubeurope.com\/@fr\/115831552225570536","error":""},"_links":{"self":[{"href":"https:\/\/www.europesays.com\/fr\/wp-json\/wp\/v2\/posts\/638419","targetHints":{"allow":["GET"]}}],"collection":[{"href":"https:\/\/www.europesays.com\/fr\/wp-json\/wp\/v2\/posts"}],"about":[{"href":"https:\/\/www.europesays.com\/fr\/wp-json\/wp\/v2\/types\/post"}],"author":[{"embeddable":true,"href":"https:\/\/www.europesays.com\/fr\/wp-json\/wp\/v2\/users\/2"}],"replies":[{"embeddable":true,"href":"https:\/\/www.europesays.com\/fr\/wp-json\/wp\/v2\/comments?post=638419"}],"version-history":[{"count":0,"href":"https:\/\/www.europesays.com\/fr\/wp-json\/wp\/v2\/posts\/638419\/revisions"}],"wp:featuredmedia":[{"embeddable":true,"href":"https:\/\/www.europesays.com\/fr\/wp-json\/wp\/v2\/media\/638420"}],"wp:attachment":[{"href":"https:\/\/www.europesays.com\/fr\/wp-json\/wp\/v2\/media?parent=638419"}],"wp:term":[{"taxonomy":"category","embeddable":true,"href":"https:\/\/www.europesays.com\/fr\/wp-json\/wp\/v2\/categories?post=638419"},{"taxonomy":"post_tag","embeddable":true,"href":"https:\/\/www.europesays.com\/fr\/wp-json\/wp\/v2\/tags?post=638419"}],"curies":[{"name":"wp","href":"https:\/\/api.w.org\/{rel}","templated":true}]}}