{"id":638429,"date":"2026-01-03T14:11:12","date_gmt":"2026-01-03T14:11:12","guid":{"rendered":"https:\/\/www.europesays.com\/fr\/638429\/"},"modified":"2026-01-03T14:11:12","modified_gmt":"2026-01-03T14:11:12","slug":"a-paris-et-ailleurs-les-images-des-premieres-neiges-de-2026","status":"publish","type":"post","link":"https:\/\/www.europesays.com\/fr\/638429\/","title":{"rendered":"\u00c0 Paris et ailleurs, les images des premi\u00e8res neiges de 2026"},"content":{"rendered":"<p>        <img decoding=\"async\" loading=\"lazy\" src=\"https:\/\/www.europesays.com\/fr\/wp-content\/uploads\/2026\/01\/a0c8d93_upload-1-qminbrz33g77-capture-d-ecran-2026-01-03-101711.jpg\"  width=\"728\" height=\"409\" alt=\"Une rue parisienne sous la neige, au matin, le 3\u00a0janvier 2026.\"\/>  <\/p>\n<p>Capture d\u2019\u00e9cran X<\/p>\n<p>Une rue parisienne sous la neige, au matin, le 3\u00a0janvier 2026.<\/p>\n<p class=\"asset asset-text\">R\u00e9veil sous la neige pour les Parisiens ce samedi 3\u00a0janvier. Comme cela a \u00e9t\u00e9 partag\u00e9 sur les r\u00e9seaux sociaux, les rues et toits de la capitale \u00e9taient recouverts d\u2019une fine couche de <a href=\"https:\/\/www.huffingtonpost.fr\/france\/article\/meteo-les-premiers-jours-de-2026-s-annoncent-frais-avec-de-la-neige-dans-plusieurs-regions_258782.html\" target=\"_blank\" rel=\"noopener\">neige<\/a> en tout d\u00e9but de matin\u00e9e (<strong>voir les images plus bas<\/strong>).<\/p>\n<p class=\"asset asset-text\">Celle-ci a toutefois commenc\u00e9 \u00e0 fondre assez rapidement, notamment sur la chauss\u00e9e et les trottoirs.<\/p>\n<p> La lecture de ce contenu est susceptible d\u2019entra\u00eener un d\u00e9p\u00f4t de cookies de la part de l\u2019op\u00e9rateur tiers qui l\u2019h\u00e9berge. Compte-tenu des choix que vous avez exprim\u00e9s en mati\u00e8re de d\u00e9p\u00f4t de cookies, nous avons bloqu\u00e9 l\u2019affichage de ce contenu. Si vous souhaitez y acc\u00e9der, vous devez accepter la cat\u00e9gorie de cookies \u201cContenus tiers\u201d en cliquant sur le bouton ci-dessous. <\/p>\n<p> Lire la Vid\u00e9o           <\/p>\n<p> La lecture de ce contenu est susceptible d\u2019entra\u00eener un d\u00e9p\u00f4t de cookies de la part de l\u2019op\u00e9rateur tiers qui l\u2019h\u00e9berge. Compte-tenu des choix que vous avez exprim\u00e9s en mati\u00e8re de d\u00e9p\u00f4t de cookies, nous avons bloqu\u00e9 l\u2019affichage de ce contenu. Si vous souhaitez y acc\u00e9der, vous devez accepter la cat\u00e9gorie de cookies \u201cContenus tiers\u201d en cliquant sur le bouton ci-dessous. <\/p>\n<p> Lire la Vid\u00e9o           <\/p>\n<p> La lecture de ce contenu est susceptible d\u2019entra\u00eener un d\u00e9p\u00f4t de cookies de la part de l\u2019op\u00e9rateur tiers qui l\u2019h\u00e9berge. Compte-tenu des choix que vous avez exprim\u00e9s en mati\u00e8re de d\u00e9p\u00f4t de cookies, nous avons bloqu\u00e9 l\u2019affichage de ce contenu. Si vous souhaitez y acc\u00e9der, vous devez accepter la cat\u00e9gorie de cookies \u201cContenus tiers\u201d en cliquant sur le bouton ci-dessous. <\/p>\n<p> Lire la Vid\u00e9o        <\/p>\n<p class=\"asset asset-text\">Des flocons sont aussi tomb\u00e9s sur une partie de l\u2019\u00cele-de-France, et plus au nord, en Normandie et dans les Hauts-de-France.<\/p>\n<p> La lecture de ce contenu est susceptible d\u2019entra\u00eener un d\u00e9p\u00f4t de cookies de la part de l\u2019op\u00e9rateur tiers qui l\u2019h\u00e9berge. Compte-tenu des choix que vous avez exprim\u00e9s en mati\u00e8re de d\u00e9p\u00f4t de cookies, nous avons bloqu\u00e9 l\u2019affichage de ce contenu. Si vous souhaitez y acc\u00e9der, vous devez accepter la cat\u00e9gorie de cookies \u201cContenus tiers\u201d en cliquant sur le bouton ci-dessous. <\/p>\n<p> Lire la Vid\u00e9o           <\/p>\n<p> La lecture de ce contenu est susceptible d\u2019entra\u00eener un d\u00e9p\u00f4t de cookies de la part de l\u2019op\u00e9rateur tiers qui l\u2019h\u00e9berge. Compte-tenu des choix que vous avez exprim\u00e9s en mati\u00e8re de d\u00e9p\u00f4t de cookies, nous avons bloqu\u00e9 l\u2019affichage de ce contenu. Si vous souhaitez y acc\u00e9der, vous devez accepter la cat\u00e9gorie de cookies \u201cContenus tiers\u201d en cliquant sur le bouton ci-dessous. <\/p>\n<p> Lire la Vid\u00e9o           <\/p>\n<p> La lecture de ce contenu est susceptible d\u2019entra\u00eener un d\u00e9p\u00f4t de cookies de la part de l\u2019op\u00e9rateur tiers qui l\u2019h\u00e9berge. Compte-tenu des choix que vous avez exprim\u00e9s en mati\u00e8re de d\u00e9p\u00f4t de cookies, nous avons bloqu\u00e9 l\u2019affichage de ce contenu. Si vous souhaitez y acc\u00e9der, vous devez accepter la cat\u00e9gorie de cookies \u201cContenus tiers\u201d en cliquant sur le bouton ci-dessous. <\/p>\n<p> Lire la Vid\u00e9o        <\/p>\n<p class=\"asset asset-text\">Si aucun d\u00e9partement n\u2019a \u00e9t\u00e9 plac\u00e9 en vigilance orange ce week-end, M\u00e9t\u00e9o-France a tout de m\u00eame activ\u00e9 la vigilance jaune neige-verglas pour une quarantaine de d\u00e9partements du nord du pays. Toute la partie est, le centre et les Alpes ont eux \u00e9t\u00e9 plac\u00e9s en vigilance jaune grand <a href=\"https:\/\/www.huffingtonpost.fr\/life\/video\/nez-qui-coule-peau-rouge-voici-les-effets-du-froid-sur-votre-corps-clx2_228108.html\" target=\"_blank\" rel=\"noopener\">froid<\/a>.<\/p>\n<p class=\"asset asset-text\">En fin de journ\u00e9e ce samedi et en d\u00e9but de nuit, d\u2019autres chutes de neige sont attendues en Normandie, dans les Hauts-de-France et en \u00cele-de-France, <a href=\"https:\/\/www.bfmtv.com\/meteo\/neige\/neige-les-images-des-flocons-tombes-a-paris-en-normandie-et-dans-le-nord_AN-202601030126.html\" target=\"_blank\" rel=\"noopener\" title=\"Nouvelle fen\u00eatre\">note BFMTV<\/a>.<\/p>\n<p> La lecture de ce contenu est susceptible d\u2019entra\u00eener un d\u00e9p\u00f4t de cookies de la part de l\u2019op\u00e9rateur tiers qui l\u2019h\u00e9berge. Compte-tenu des choix que vous avez exprim\u00e9s en mati\u00e8re de d\u00e9p\u00f4t de cookies, nous avons bloqu\u00e9 l\u2019affichage de ce contenu. Si vous souhaitez y acc\u00e9der, vous devez accepter la cat\u00e9gorie de cookies \u201cContenus tiers\u201d en cliquant sur le bouton ci-dessous. <\/p>\n<p> Lire la Vid\u00e9o        <\/p>\n<p class=\"asset asset-text\">Pour ce premier week-end de l\u2019ann\u00e9e, M\u00e9t\u00e9o-France <a href=\"https:\/\/www.huffingtonpost.fr\/france\/article\/la-meteo-sera-glaciale-pour-le-premier-week-end-de-2026_258809.html\" target=\"_blank\" rel=\"noopener\">avait annonc\u00e9 des temp\u00e9ratures glaciales<\/a>. D\u00e9j\u00e0 bien en dessous des normales de saison ces derniers jours, celles-ci continuent de chuter. On attend ainsi 1\u00a0\u00b0C \u00e0 Lille et \u00e0 Paris ce dimanche matin, 0\u00a0\u00b0C \u00e0 Toulouse, Nantes et Rennes, et jusqu\u2019\u00e0 \u2013 4\u00a0\u00b0C \u00e0 Belfort ou Aurillac.<\/p>\n","protected":false},"excerpt":{"rendered":"Capture d\u2019\u00e9cran X Une rue parisienne sous la neige, au matin, le 3\u00a0janvier 2026. R\u00e9veil sous la neige&hellip;\n","protected":false},"author":2,"featured_media":638430,"comment_status":"","ping_status":"","sticky":false,"template":"","format":"standard","meta":{"footnotes":""},"categories":[1888],"tags":[11,74566,1777,674,1011,27,2487,2357,10584,12,626,25],"class_list":{"0":"post-638429","1":"post","2":"type-post","3":"status-publish","4":"format-standard","5":"has-post-thumbnail","7":"category-paris","8":"tag-actualites","9":"tag-chutes-de-neige","10":"tag-eu","11":"tag-europe","12":"tag-fr","13":"tag-france","14":"tag-meteo","15":"tag-meteo-france","16":"tag-neige","17":"tag-news","18":"tag-paris","19":"tag-republique-francaise"},"share_on_mastodon":{"url":"https:\/\/pubeurope.com\/@fr\/115831576011623294","error":""},"_links":{"self":[{"href":"https:\/\/www.europesays.com\/fr\/wp-json\/wp\/v2\/posts\/638429","targetHints":{"allow":["GET"]}}],"collection":[{"href":"https:\/\/www.europesays.com\/fr\/wp-json\/wp\/v2\/posts"}],"about":[{"href":"https:\/\/www.europesays.com\/fr\/wp-json\/wp\/v2\/types\/post"}],"author":[{"embeddable":true,"href":"https:\/\/www.europesays.com\/fr\/wp-json\/wp\/v2\/users\/2"}],"replies":[{"embeddable":true,"href":"https:\/\/www.europesays.com\/fr\/wp-json\/wp\/v2\/comments?post=638429"}],"version-history":[{"count":0,"href":"https:\/\/www.europesays.com\/fr\/wp-json\/wp\/v2\/posts\/638429\/revisions"}],"wp:featuredmedia":[{"embeddable":true,"href":"https:\/\/www.europesays.com\/fr\/wp-json\/wp\/v2\/media\/638430"}],"wp:attachment":[{"href":"https:\/\/www.europesays.com\/fr\/wp-json\/wp\/v2\/media?parent=638429"}],"wp:term":[{"taxonomy":"category","embeddable":true,"href":"https:\/\/www.europesays.com\/fr\/wp-json\/wp\/v2\/categories?post=638429"},{"taxonomy":"post_tag","embeddable":true,"href":"https:\/\/www.europesays.com\/fr\/wp-json\/wp\/v2\/tags?post=638429"}],"curies":[{"name":"wp","href":"https:\/\/api.w.org\/{rel}","templated":true}]}}