{"id":638431,"date":"2026-01-03T14:12:21","date_gmt":"2026-01-03T14:12:21","guid":{"rendered":"https:\/\/www.europesays.com\/fr\/638431\/"},"modified":"2026-01-03T14:12:21","modified_gmt":"2026-01-03T14:12:21","slug":"en-direct-ukraine-zelensky-propose-le-ministre-de-la-defense-comme-nouveau-ministre-de-lenergie","status":"publish","type":"post","link":"https:\/\/www.europesays.com\/fr\/638431\/","title":{"rendered":"EN DIRECT &#8211; Ukraine : Zelensky propose le ministre de la D\u00e9fense comme nouveau ministre de l&rsquo;\u00c9nergie"},"content":{"rendered":"<ul class=\"jsx-862013697 ArticleChapo__List\">\n<li class=\"jsx-862013697 ArticleChapo__List_Item flex\">Des conseillers en s\u00e9curit\u00e9 des alli\u00e9s europ\u00e9ens de l&rsquo;Ukaine et de l&rsquo;Otan sont arriv\u00e9s ce samedi \u00e0 Kiev pour y rencontrer leurs homologues ukrainiens.<\/li>\n<li class=\"jsx-862013697 ArticleChapo__List_Item flex\">Ils doivent poursuivre les n\u00e9gociations autour d&rsquo;un plan visant \u00e0 mettre fin \u00e0 la guerre avec la Russie.<\/li>\n<li class=\"jsx-862013697 ArticleChapo__List_Item flex\">Suivez les derni\u00e8res informations.<\/li>\n<\/ul>\n<p>Minute par minuteZELENSKY PROPOSE SON MINISTRE DE LA D\u00c9FENSE \u00c0 L&rsquo;\u00c9NERGIE14:12<\/p>\n<p>Volodymyr Zelensky a fait part de son souhait de nommer le ministre de la D\u00e9fense Denys Chmygal &#8211; qu&rsquo;il souhaite remplacer &#8211; \u00e0 la t\u00eate du minist\u00e8re de l&rsquo;\u00c9nergie, dans un remaniement gouvernemental qui doit encore \u00eatre approuv\u00e9 par le Parlement. \u00ab\u00a0J&rsquo;ai rencontr\u00e9 Denys Chmygal. Je lui suis reconnaissant pour son travail m\u00e9thodique au sein du minist\u00e8re de la D\u00e9fense et pour le renforcement des processus afin d&rsquo;assurer la protection de notre \u00c9tat. Ce type d&rsquo;approche syst\u00e9matique est pr\u00e9cis\u00e9ment ce dont le secteur \u00e9nerg\u00e9tique ukrainien a besoin actuellement\u00a0\u00bb, a d\u00e9clar\u00e9 le pr\u00e9sident ukrainien sur les r\u00e9seaux sociaux, apr\u00e8s avoir indiqu\u00e9 vendredi vouloir remplacer Chmygal par Mykha\u00eflo Fedorov, actuel ministre de la Transformation num\u00e9rique.<\/p>\n<p>ARRIV\u00c9E DES RESPONSABLES EUROP\u00c9ENS ET DE L&rsquo;OTAN \u00c0 KIEV10:23<\/p>\n<p>Des responsables europ\u00e9ens et de l&rsquo;Otan sont arriv\u00e9s \u00e0 Kiev pour poursuivre les n\u00e9gociations sur le plan visant \u00e0 mettre fin \u00e0 la guerre d\u00e9clench\u00e9e par la Russie. \u00ab\u00a0Des conseillers \u00e0 la s\u00e9curit\u00e9 nationale de pays europ\u00e9ens sont arriv\u00e9s \u00e0 Kiev\u00a0\u00bb, a d\u00e9clar\u00e9 le n\u00e9gociateur en chef de l\u2019Ukraine, Roustem Oumerov, dans un message sur Telegram. \u00ab\u00a0Une journ\u00e9e de travail charg\u00e9e nous attend : questions de s\u00e9curit\u00e9 et d&rsquo;\u00e9conomie, \u00e9laboration de documents cadres, coordination des prochaines \u00e9tapes avec nos partenaires\u00a0\u00bb, a-t-il ajout\u00e9.<\/p>\n<p>KIEV RE\u00c7OIT SES ALLI\u00c9S07:27<\/p>\n<p>De nouvelles n\u00e9gociations ont lieu ce samedi \u00e0 Kiev entre l&rsquo;Ukraine et ses alli\u00e9s europ\u00e9ens et am\u00e9ricain sur un hypoth\u00e9tique accord pour mettre fin \u00e0 la guerre avec la Russie, laquelle a annonc\u00e9 son intention de \u00ab\u00a0durcir\u00a0\u00bb sa position. Des conseillers \u00e0 la s\u00e9curit\u00e9 de pays europ\u00e9ens alli\u00e9s de Kiev doivent rencontrer \u00e0 Kiev des responsables ukrainiens, avec la participation par visioconf\u00e9rence d&rsquo;une \u00e9quipe am\u00e9ricaine.<\/p>\n<p>Selon le pr\u00e9sident Volodymyr Zelensky, une quinzaine de pays ont confirm\u00e9 leur participation, ainsi que des repr\u00e9sentants de l&rsquo;Union europ\u00e9enne et de l&rsquo;Otan. Cette r\u00e9union pr\u00e9c\u00e8de un sommet la semaine prochaine en France des pays de la \u00ab\u00a0coalition des volontaires\u00a0\u00bb soutenant l&rsquo;Ukraine. Selon M. Zelensky, la r\u00e9union de samedi vise notamment \u00e0 discuter des \u00ab\u00a0garanties de s\u00e9curit\u00e9\u00a0\u00bb que peuvent apporter \u00e0 l&rsquo;Ukraine ses alli\u00e9s.<\/p>\n<p data-module=\"article-paragraph\" class=\"jsx-157965717 Paragraph\">Volodymyr Zelensky a annonc\u00e9 vendredi 2 janvier son intention de remplacer son ministre de la D\u00e9fense et avoir propos\u00e9 le poste \u00e0 Mykha\u00eflo Fedorov, actuel ministre de la Transformation num\u00e9rique, \u00e2g\u00e9 de seulement 34 ans. \u00ab\u00a0J&rsquo;ai d\u00e9cid\u00e9 de modifier la structure du minist\u00e8re ukrainien de la D\u00e9fense. J&rsquo;ai propos\u00e9 \u00e0 Mykha\u00eflo Fedorov le poste de nouveau ministre ukrainien de la D\u00e9fense\u00a0\u00bb, a d\u00e9clar\u00e9 le pr\u00e9sident ukrainien dans son adresse quotidienne diffus\u00e9e sur les r\u00e9seaux sociaux.<\/p>\n<p data-module=\"article-paragraph\" class=\"jsx-157965717 Paragraph Paragraph__End\">Selon Volodymyr Zelensky, \u00ab\u00a0Mykha\u00eflo est tr\u00e8s impliqu\u00e9 dans les questions relatives aux drones et travaille tr\u00e8s efficacement \u00e0 la num\u00e9risation des services et processus publics\u00a0\u00bb. Le pr\u00e9sident ukrainien n&rsquo;a toutefois pas expliqu\u00e9 sa d\u00e9cision de remplacer le ministre de la D\u00e9fense actuel, Denys Chmygal, ancien Premier ministre qui avait \u00e9t\u00e9 nomm\u00e9 \u00e0 ce poste il y a moins d&rsquo;un an, en juillet 2025.<\/p>\n<p data-module=\"article-paragraph\" class=\"jsx-157965717 Paragraph Paragraph__End\">Mykha\u00eflo Fedorov occupe le poste de ministre de la Transformation num\u00e9rique depuis 2019. Il est peu connu du public et est un nouveau venu en politique. Vendredi, Volodymyr Zelensky a par ailleurs annonc\u00e9 la nomination du chef du renseignement militaire ukrainien, <a href=\"https:\/\/www.tf1info.fr\/international\/guerre-ukraine-russie-il-devient-chef-du-cabinet-de-zelensky-qui-est-boudanov-l-homme-sans-sourire-considere-comme-terroriste-par-moscou-2416337.html\" target=\"_blank\" rel=\"noopener\">Kyrylo Boudanov<\/a>, en tant chef de l&rsquo;administration pr\u00e9sidentielle, un poste cl\u00e9.<\/p>\n<p><a href=\"https:\/\/www.tf1info.fr\/international\/guerre-en-ukraine-allocution-emmanuel-macron-la-coalition-des-volontaires-se-reunira-le-6-janvier-a-paris-2415976.html\" rel=\"noopener\" class=\"jsx-3308031228 Link flex\" target=\"_blank\"><img decoding=\"async\" src=\"https:\/\/www.europesays.com\/fr\/wp-content\/uploads\/2026\/01\/allocution-emmanuel-macron-31-decembre-2025-6eaeb7-0@1x.jpeg\" alt=\"Quentin de Groeve \/ Hans Lucas \/ Hans Lucas via AFP\" loading=\"lazy\" importance=\"low\" fetchpriority=\"low\" class=\"\" aria-hidden=\"true\"\/><\/p>\n<p class=\"jsx-3657663356 ReadMoreArticle__Title\">Lire aussi<\/p>\n<p class=\"jsx-3657663356\">Guerre en Ukraine : la coalition des volontaires se r\u00e9unira le 6 janvier \u00e0 Paris<\/p>\n<p><\/a><\/p>\n<p data-module=\"article-paragraph\" class=\"jsx-157965717 Paragraph\">Kyrylo Boudanov remplace Andri\u00ef Iermak, l&rsquo;un des hommes les plus puissants d&rsquo;Ukraine avant sa disgr\u00e2ce sur fond de scandale de corruption.<\/p>\n<p data-module=\"article-paragraph\" class=\"jsx-157965717 Paragraph Paragraph__End\"><strong>Retrouvez les derni\u00e8res informations dans le fil ci-dessus.<\/strong><\/p>\n<p>La r\u00e9daction de TF1info<\/p>\n","protected":false},"excerpt":{"rendered":"Des conseillers en s\u00e9curit\u00e9 des alli\u00e9s europ\u00e9ens de l&rsquo;Ukaine et de l&rsquo;Otan sont arriv\u00e9s ce samedi \u00e0 Kiev&hellip;\n","protected":false},"author":2,"featured_media":638432,"comment_status":"","ping_status":"","sticky":false,"template":"","format":"standard","meta":{"footnotes":""},"categories":[1591],"tags":[1111,11,1921,5925,1887,1922,74270,12,1885,1886,132,220,1917,73921,133,1920],"class_list":{"0":"post-638431","1":"post","2":"type-post","3":"status-publish","4":"format-standard","5":"has-post-thumbnail","7":"category-russie","8":"tag-actu","9":"tag-actualites","10":"tag-article-video","11":"tag-conflits-et-guerre","12":"tag-federation-de-russie","13":"tag-info","14":"tag-les-attaques-russes-continuent","15":"tag-news","16":"tag-russia","17":"tag-russian-federation","18":"tag-russie","19":"tag-ukraine","20":"tag-ukraine-4-annee-de-guerre","21":"tag-ukraine-russie-en-marge-des-negociations","22":"tag-video","23":"tag-video-international"},"share_on_mastodon":{"url":"https:\/\/pubeurope.com\/@fr\/115831579924936634","error":""},"_links":{"self":[{"href":"https:\/\/www.europesays.com\/fr\/wp-json\/wp\/v2\/posts\/638431","targetHints":{"allow":["GET"]}}],"collection":[{"href":"https:\/\/www.europesays.com\/fr\/wp-json\/wp\/v2\/posts"}],"about":[{"href":"https:\/\/www.europesays.com\/fr\/wp-json\/wp\/v2\/types\/post"}],"author":[{"embeddable":true,"href":"https:\/\/www.europesays.com\/fr\/wp-json\/wp\/v2\/users\/2"}],"replies":[{"embeddable":true,"href":"https:\/\/www.europesays.com\/fr\/wp-json\/wp\/v2\/comments?post=638431"}],"version-history":[{"count":0,"href":"https:\/\/www.europesays.com\/fr\/wp-json\/wp\/v2\/posts\/638431\/revisions"}],"wp:featuredmedia":[{"embeddable":true,"href":"https:\/\/www.europesays.com\/fr\/wp-json\/wp\/v2\/media\/638432"}],"wp:attachment":[{"href":"https:\/\/www.europesays.com\/fr\/wp-json\/wp\/v2\/media?parent=638431"}],"wp:term":[{"taxonomy":"category","embeddable":true,"href":"https:\/\/www.europesays.com\/fr\/wp-json\/wp\/v2\/categories?post=638431"},{"taxonomy":"post_tag","embeddable":true,"href":"https:\/\/www.europesays.com\/fr\/wp-json\/wp\/v2\/tags?post=638431"}],"curies":[{"name":"wp","href":"https:\/\/api.w.org\/{rel}","templated":true}]}}