{"id":638433,"date":"2026-01-03T14:13:15","date_gmt":"2026-01-03T14:13:15","guid":{"rendered":"https:\/\/www.europesays.com\/fr\/638433\/"},"modified":"2026-01-03T14:13:15","modified_gmt":"2026-01-03T14:13:15","slug":"narbonne-ukraine-laide-centree-sur-les-enfants-dans-cette-guerre-qui-seternise","status":"publish","type":"post","link":"https:\/\/www.europesays.com\/fr\/638433\/","title":{"rendered":"Narbonne Ukraine\u00a0: l\u2019aide centr\u00e9e sur les enfants dans cette guerre qui s\u2019\u00e9ternise"},"content":{"rendered":"<p>\n                                                                Une ann\u00e9e charg\u00e9e attend les b\u00e9n\u00e9voles de Narbonne Ukraine, qui se partagent entre leurs diff\u00e9rentes missions, avec une attention particuli\u00e8re pour les enfants victimes de ce conflit qui les d\u00e9passe.\n                            <\/p>\n<p>En ce d\u00e9but d\u2019ann\u00e9e, l\u2019\u00e9nergie des b\u00e9n\u00e9voles de Narbonne Ukraine ne faiblit pas. D\u00e8s les premi\u00e8res heures de la guerre, il y a 4 ans ils avaient \u00e9bauch\u00e9 les hypoth\u00e8ses les plus sombres d\u2019un long conflit ancr\u00e9 sur le territoire ukrainien, et pr\u00e9par\u00e9 l\u2019association \u00e0 une aide de longue haleine.\u00a0Pour le pr\u00e9sident Gilles Bourguignon, \u00ab\u00a0cette ann\u00e9e 2026, en raison de la guerre qui perdure, nous am\u00e8nera son lot de d\u00e9fis, que nous devrons relever ensemble, toujours en soutien au peuple Ukrainien, injustement agress\u00e9\u00a0\u00bb.<\/p>\n<p>Les enfants en situation de handicap<\/p>\n<p>La premi\u00e8re action est planifi\u00e9e avec\u00a0l\u2019exp\u00e9dition en mars\u00a02026\u00a0d\u2019une semi-remorque de mat\u00e9riel de fitness et de parcours d\u2019obstacles pour les enfants en situation de handicap de Mykola\u00efv.<\/p>\n<p>\u00ab\u00a0On\u00a0souhaitait situer\u00a0le c\u0153ur de notre action sur\u00a0les enfants, mais depuis le d\u00e9but de la guerre la plupart des\u00a0orphelinats de la ville ont ferm\u00e9, et d\u00e9plac\u00e9s, plus \u00e9loign\u00e9s des lignes de front. Et, cons\u00e9quence\u00a0: les adoptions ont \u00e9t\u00e9 nombreuses \u00e0 Mykola\u00efv, on sait que deux couples\u00a0n\u2019ont pas h\u00e9sit\u00e9 \u00e0 adopter 8 enfants. La crainte \u00e9tait tr\u00e8s forte que des enfants soient enlev\u00e9s par les Russes. La Ville a ouvert plusieurs centres d r\u00e9\u00e9ducation adultes et enfants, dont 2 en 2025 o\u00f9 une centaine d\u2019enfants sont accueillis \u00e0 la journ\u00e9e. On\u00a0a port\u00e9 notre effort sur une\u00a0aide propre \u00e0 ces enfants handicap\u00e9s avec une lev\u00e9e de fonds de 32\u00a0000\u00a0euros. Nous b\u00e9n\u00e9ficions d\u2019une aide de l\u2019Afdaim sur du mat\u00e9riel\u00a0\u00bb.<\/p>\n<p>Un convoi de v\u00e9hicules<\/p>\n<p>\u00ab\u00a0Une deuxi\u00e8me action identifi\u00e9e avec l\u2019organisation d\u2019un nouveau convoi compos\u00e9 a minima de 10 v\u00e9hicules que nous acheminerons et offrirons \u00e0 la Ville de Mykola\u00efv, avec un d\u00e9part programm\u00e9 sur la derni\u00e8re semaine d\u2019avril\u00a02026, et l\u2019acheminement de 2 Ambulances neuves \u00e0 nouveau financ\u00e9es par un Chef d\u2019Entreprise Narbonnais au Grand C\u0153ur, 7 V\u00e9hicules utilitaires et 1 SUV\u00a0\u00bb.<\/p>\n<p>D\u2019autres actions seront \u00e9galement men\u00e9es, des exp\u00e9ditions mais aussi \u00e0 nouveau l\u2019accueil\u00a0de jeunes Ukrainiens, pour des s\u00e9jours qui, le temps de quelques jours leur font oublier les drames\u00a0du quotidien. Pour Narbonne Ukraine, le point d\u2019orgue sera l\u2019organisation de deux grandes soir\u00e9es caritatives aux couleurs Ukrainiennes, qui se d\u00e9rouleront cette fois, au Parc des expositions de Narbonne, le jeudi\u00a01er et le vendredi 2\u00a0octobre 2026.<\/p>\n<p>Sur le pont depuis 46 mois\u00a0maintenant, et ce, gr\u00e2ce au soutien des partenaires qui ne faiblit pas, les b\u00e9n\u00e9voles ont dans le courant de 2025, exp\u00e9di\u00e9 4 semi-remorques de marchandises, offert 10 v\u00e9hicules, accueilli\u00a0une d\u00e9l\u00e9gation de jeunes joueurs de la F\u00e9d\u00e9ration de Rugby de Kyiv, et \u00e9galement\u00a0accueilli 5 femmes soldats de Mykola\u00efv victimes de la guerre et leurs familles, sans oublier les\u00a0deux grandes soir\u00e9es-\u00e9v\u00e8nements qui au total ont rassembl\u00e9 4\u00a0000 personnes.<\/p>\n<p>    Un maillage territorial autour de Narbonne<\/p>\n<p>662 Acteurs ont apport\u00e9 leur soutien \u00e0 l\u2019association\u00a0: 296 Entreprises, 43 Collectivit\u00e9s, 42 correspondants de villages, 52 \u00c9tablissements Scolaires, 42 Associations-Clubs Sportifs-Clubs Services, 5 Fondations, 88 Membres de l\u2019Association Narbonne Ukraine, 27 Donateurs, 67 Particuliers.<\/p>\n<p><strong>Du mat\u00e9riel sp\u00e9cialis\u00e9<\/strong><\/p>\n<p>24 appareils de Fitness pour enfants seront exp\u00e9di\u00e9s cette ann\u00e9e, dont un parcours d\u2019obstacle pour enfants, un\u00a0module mobile pour la marche, un appareil universel (table de r\u00e9duction), une cabine de r\u00e9\u00e9ducation suspendue (traitement pour th\u00e9rapie par poulie), deux \u00e9crans interactifs, deux\u00a0miroirs orthophoniques interactifs, un Bac \u00e0 sable interactif et enfin un sol interactif.<\/p>\n<p>Enfin le 15\u00a0d\u00e9cembre dernier, gr\u00e2ce \u00e0 l\u2019Afdaim, du mat\u00e9riel a pu \u00eatre exp\u00e9di\u00e9 vers Mykola\u00efv, notamment des chaussures th\u00e9rapeutiques, des bottes, un fauteuil roulant, une orth\u00e8se totale de jour, des coussins anti-escarres, une chaise de douche pour baignoire, un plot d\u2019abduction, un verticalisateur, des corsets, des\u00a0tablettes.<\/p>\n","protected":false},"excerpt":{"rendered":"Une ann\u00e9e charg\u00e9e attend les b\u00e9n\u00e9voles de Narbonne Ukraine, qui se partagent entre leurs diff\u00e9rentes missions, avec une&hellip;\n","protected":false},"author":2,"featured_media":638434,"comment_status":"","ping_status":"","sticky":false,"template":"","format":"standard","meta":{"footnotes":""},"categories":[1590],"tags":[1111,11,4086,1777,674,35514,12,1857,1932,220],"class_list":{"0":"post-638433","1":"post","2":"type-post","3":"status-publish","4":"format-standard","5":"has-post-thumbnail","7":"category-ukraine","8":"tag-actu","9":"tag-actualites","10":"tag-aude","11":"tag-eu","12":"tag-europe","13":"tag-narbonne","14":"tag-news","15":"tag-sociu00e9tu00e9","16":"tag-solidaritu00e9","17":"tag-ukraine"},"share_on_mastodon":{"url":"https:\/\/pubeurope.com\/@fr\/115831583787336120","error":""},"_links":{"self":[{"href":"https:\/\/www.europesays.com\/fr\/wp-json\/wp\/v2\/posts\/638433","targetHints":{"allow":["GET"]}}],"collection":[{"href":"https:\/\/www.europesays.com\/fr\/wp-json\/wp\/v2\/posts"}],"about":[{"href":"https:\/\/www.europesays.com\/fr\/wp-json\/wp\/v2\/types\/post"}],"author":[{"embeddable":true,"href":"https:\/\/www.europesays.com\/fr\/wp-json\/wp\/v2\/users\/2"}],"replies":[{"embeddable":true,"href":"https:\/\/www.europesays.com\/fr\/wp-json\/wp\/v2\/comments?post=638433"}],"version-history":[{"count":0,"href":"https:\/\/www.europesays.com\/fr\/wp-json\/wp\/v2\/posts\/638433\/revisions"}],"wp:featuredmedia":[{"embeddable":true,"href":"https:\/\/www.europesays.com\/fr\/wp-json\/wp\/v2\/media\/638434"}],"wp:attachment":[{"href":"https:\/\/www.europesays.com\/fr\/wp-json\/wp\/v2\/media?parent=638433"}],"wp:term":[{"taxonomy":"category","embeddable":true,"href":"https:\/\/www.europesays.com\/fr\/wp-json\/wp\/v2\/categories?post=638433"},{"taxonomy":"post_tag","embeddable":true,"href":"https:\/\/www.europesays.com\/fr\/wp-json\/wp\/v2\/tags?post=638433"}],"curies":[{"name":"wp","href":"https:\/\/api.w.org\/{rel}","templated":true}]}}