{"id":638435,"date":"2026-01-03T14:14:25","date_gmt":"2026-01-03T14:14:25","guid":{"rendered":"https:\/\/www.europesays.com\/fr\/638435\/"},"modified":"2026-01-03T14:14:25","modified_gmt":"2026-01-03T14:14:25","slug":"conflit-usa-venezuela-lattaque-americaine-ne-respecte-pas-le-droit-international-mais-les-etats-unis-ne-risquent-rien","status":"publish","type":"post","link":"https:\/\/www.europesays.com\/fr\/638435\/","title":{"rendered":"Conflit USA-Venezuela : l&rsquo;attaque am\u00e9ricaine ne respecte pas le droit international \u00ab\u00a0mais les \u00c9tats-Unis ne risquent rien\u00a0\u00bb"},"content":{"rendered":"<p class=\"ap-StoryElement ap-StoryElement--mb ap-StoryText\">\u00ab\u00a0L&rsquo;int\u00e9r\u00eat national pr\u00e9vaut toujours sur le droit international. Et ce n&rsquo;est pas propre aux Am\u00e9ricains. Si l&rsquo;intervention est ill\u00e9gale du point de vue du droit international, les \u00c9tats-Unis ne risquent rien hormis des condamnations rh\u00e9toriques et probablement des cons\u00e9quences diplomatiques. S&rsquo;il s&rsquo;agissait d&rsquo;une invasion, \u00e7a aurait \u00e9t\u00e9 diff\u00e9rent\u00a0\u00bb, a poursuivi M. Struye.<\/p>\n<p class=\"ap-StoryElement ap-StoryElement--mb ap-StoryText\">Selon le professeur, le droit international n&rsquo;est plus respect\u00e9, marqu\u00e9 par de plus en plus de violations lors de conflits. \u00ab\u00a0Il ne faut pas se leurrer, on met toujours l&rsquo;accent sur le droit international en Europe, mais on ne le respecte pas toujours non plus\u00a0\u00bb, a-t-il ajout\u00e9, en citant l&rsquo;intervention de l&rsquo;Otan au Kosovo en 1999, op\u00e9r\u00e9e sans mandat explicite de l&rsquo;Onu.<\/p>\n<p class=\"ap-StoryElement ap-StoryElement--mb ap-StoryText\">\u00ab\u00a0Toute une s\u00e9rie de pays vont fermement condamner l&rsquo;op\u00e9ration, \u00e0 l&rsquo;instar de la Russie ou de l&rsquo;Iran, mais sont en mauvaise posture pour dire quoi que ce soit. Malheureusement, la souverainet\u00e9 \u00e9tatique est mise \u00e0 mal et il y aura de plus en plus d&rsquo;enl\u00e8vements ou d&rsquo;assassinats de leaders politiques. Ces faits ne sont qu&rsquo;un exemple parmi tant d&rsquo;autres\u00a0\u00bb, a-t-il conclu.<\/p>\n","protected":false},"excerpt":{"rendered":"\u00ab\u00a0L&rsquo;int\u00e9r\u00eat national pr\u00e9vaut toujours sur le droit international. Et ce n&rsquo;est pas propre aux Am\u00e9ricains. Si l&rsquo;intervention est&hellip;\n","protected":false},"author":2,"featured_media":638436,"comment_status":"","ping_status":"","sticky":false,"template":"","format":"standard","meta":{"footnotes":""},"categories":[1589],"tags":[11,2120,73,1866,12,3521,1864,1865,1863,308,337],"class_list":{"0":"post-638435","1":"post","2":"type-post","3":"status-publish","4":"format-standard","5":"has-post-thumbnail","7":"category-etats-unis","8":"tag-actualites","9":"tag-conflit","10":"tag-etats-unis","11":"tag-etats-unis-damerique","12":"tag-news","13":"tag-onu","14":"tag-united-states","15":"tag-united-states-of-america","16":"tag-us","17":"tag-usa","18":"tag-venezuela"},"share_on_mastodon":{"url":"https:\/\/pubeurope.com\/@fr\/115831587787759226","error":""},"_links":{"self":[{"href":"https:\/\/www.europesays.com\/fr\/wp-json\/wp\/v2\/posts\/638435","targetHints":{"allow":["GET"]}}],"collection":[{"href":"https:\/\/www.europesays.com\/fr\/wp-json\/wp\/v2\/posts"}],"about":[{"href":"https:\/\/www.europesays.com\/fr\/wp-json\/wp\/v2\/types\/post"}],"author":[{"embeddable":true,"href":"https:\/\/www.europesays.com\/fr\/wp-json\/wp\/v2\/users\/2"}],"replies":[{"embeddable":true,"href":"https:\/\/www.europesays.com\/fr\/wp-json\/wp\/v2\/comments?post=638435"}],"version-history":[{"count":0,"href":"https:\/\/www.europesays.com\/fr\/wp-json\/wp\/v2\/posts\/638435\/revisions"}],"wp:featuredmedia":[{"embeddable":true,"href":"https:\/\/www.europesays.com\/fr\/wp-json\/wp\/v2\/media\/638436"}],"wp:attachment":[{"href":"https:\/\/www.europesays.com\/fr\/wp-json\/wp\/v2\/media?parent=638435"}],"wp:term":[{"taxonomy":"category","embeddable":true,"href":"https:\/\/www.europesays.com\/fr\/wp-json\/wp\/v2\/categories?post=638435"},{"taxonomy":"post_tag","embeddable":true,"href":"https:\/\/www.europesays.com\/fr\/wp-json\/wp\/v2\/tags?post=638435"}],"curies":[{"name":"wp","href":"https:\/\/api.w.org\/{rel}","templated":true}]}}