{"id":638439,"date":"2026-01-03T14:16:16","date_gmt":"2026-01-03T14:16:16","guid":{"rendered":"https:\/\/www.europesays.com\/fr\/638439\/"},"modified":"2026-01-03T14:16:16","modified_gmt":"2026-01-03T14:16:16","slug":"nesta-elphege-est-piste-en-angleterre-et-en-allemagne","status":"publish","type":"post","link":"https:\/\/www.europesays.com\/fr\/638439\/","title":{"rendered":"Nesta Elph\u00e8ge est pist\u00e9 en Angleterre et en Allemagne"},"content":{"rendered":"<p>Auteur d\u2019un joli d\u00e9but de saison sous les couleurs de <a href=\"https:\/\/www.footmercato.net\/club\/grenoble-foot-38\/\" target=\"_blank\" rel=\"noopener\">Grenoble<\/a>, <a href=\"https:\/\/www.footmercato.net\/joueur\/nesta-elphege\/\" target=\"_blank\" rel=\"noopener\">Nesta<\/a> Elph\u00e8ge suscite des int\u00e9r\u00eats \u00e0 l\u2019\u00e9tranger. Selon nos informations, l\u2019attaquant de pointe d\u20191,96 m est pist\u00e9 en Angleterre, mais aussi en Allemagne, o\u00f9 plusieurs clubs sont int\u00e9ress\u00e9s par son profil.<\/p>\n<p>            La suite apr\u00e8s cette publicit\u00e9<\/p>\n<p>Pass\u00e9 par Torcy au cours de sa jeunesse, puis par Tours ou encore Niort, l\u2019attaquant de 24 ans compte cette saison 4 buts et 3 passes d\u00e9cisives en 16 rencontres de <a href=\"https:\/\/www.footmercato.net\/france\/ligue-2\/\" target=\"_blank\" rel=\"noopener\">Ligue 2<\/a>. Il avait notamment permis \u00e0 son \u00e9quipe de repartir avec un point face \u00e0 Montpellier, mi-d\u00e9cembre (1-1), ou encore de s\u2019imposer face \u00e0 Rodez quelques semaines plus t\u00f4t (2-1).<\/p>\n<p>\n    Pub. le 03\/01\/2026 11:37<br \/>\n            &#8211; MAJ le 03\/01\/2026 13:18\n    <\/p>\n","protected":false},"excerpt":{"rendered":"Auteur d\u2019un joli d\u00e9but de saison sous les couleurs de Grenoble, Nesta Elph\u00e8ge suscite des int\u00e9r\u00eats \u00e0 l\u2019\u00e9tranger.&hellip;\n","protected":false},"author":2,"featured_media":638440,"comment_status":"","ping_status":"","sticky":false,"template":"","format":"standard","meta":{"footnotes":""},"categories":[1587],"tags":[11,672,1804,1805,1803,1777,674,1801,12,1802],"class_list":{"0":"post-638439","1":"post","2":"type-post","3":"status-publish","4":"format-standard","5":"has-post-thumbnail","7":"category-allemagne","8":"tag-actualites","9":"tag-allemagne","10":"tag-bundesrepublik-deutschland","11":"tag-de","12":"tag-deutschland","13":"tag-eu","14":"tag-europe","15":"tag-germany","16":"tag-news","17":"tag-republique-federale-dallemagne"},"share_on_mastodon":{"url":"https:\/\/pubeurope.com\/@fr\/115831595645875115","error":""},"_links":{"self":[{"href":"https:\/\/www.europesays.com\/fr\/wp-json\/wp\/v2\/posts\/638439","targetHints":{"allow":["GET"]}}],"collection":[{"href":"https:\/\/www.europesays.com\/fr\/wp-json\/wp\/v2\/posts"}],"about":[{"href":"https:\/\/www.europesays.com\/fr\/wp-json\/wp\/v2\/types\/post"}],"author":[{"embeddable":true,"href":"https:\/\/www.europesays.com\/fr\/wp-json\/wp\/v2\/users\/2"}],"replies":[{"embeddable":true,"href":"https:\/\/www.europesays.com\/fr\/wp-json\/wp\/v2\/comments?post=638439"}],"version-history":[{"count":0,"href":"https:\/\/www.europesays.com\/fr\/wp-json\/wp\/v2\/posts\/638439\/revisions"}],"wp:featuredmedia":[{"embeddable":true,"href":"https:\/\/www.europesays.com\/fr\/wp-json\/wp\/v2\/media\/638440"}],"wp:attachment":[{"href":"https:\/\/www.europesays.com\/fr\/wp-json\/wp\/v2\/media?parent=638439"}],"wp:term":[{"taxonomy":"category","embeddable":true,"href":"https:\/\/www.europesays.com\/fr\/wp-json\/wp\/v2\/categories?post=638439"},{"taxonomy":"post_tag","embeddable":true,"href":"https:\/\/www.europesays.com\/fr\/wp-json\/wp\/v2\/tags?post=638439"}],"curies":[{"name":"wp","href":"https:\/\/api.w.org\/{rel}","templated":true}]}}