{"id":638450,"date":"2026-01-03T14:24:14","date_gmt":"2026-01-03T14:24:14","guid":{"rendered":"https:\/\/www.europesays.com\/fr\/638450\/"},"modified":"2026-01-03T14:24:14","modified_gmt":"2026-01-03T14:24:14","slug":"esteban-capilla-bayonne-freine-alors-quil-frappait-fort-a-la-porte-du-xv-de-france","status":"publish","type":"post","link":"https:\/\/www.europesays.com\/fr\/638450\/","title":{"rendered":"Esteban Capilla (Bayonne) frein\u00e9 alors qu\u2019il frappait (fort) \u00e0 la porte du XV de France"},"content":{"rendered":"<p>Alors que son nom circulait avec insistance dans les discussions autour du <a href=\"https:\/\/www.lerugbynistere.fr\/equipes-nationales\/xv-de-france.php\" ui-sref=\"app.team({teamId: 65})\" alt=\"XV de France\" data-route=\"app.team\" data-param=\"teamId\" data-id=\"65\" target=\"_blank\" rel=\"noopener\">XV de France<\/a>, <a href=\"https:\/\/www.lerugbynistere.fr\/fiches-joueurs\/esteban-capilla.php\" ui-sref=\"app.player({playerId: 13401})\" alt=\"Esteban Capilla\" data-route=\"app.player\" data-param=\"playerId\" data-id=\"13401\" target=\"_blank\" rel=\"noopener\">Esteban Capilla<\/a> voit son \u00e9lan brutalement frein\u00e9. Selon Sud Ouest, le troisi\u00e8me ligne de l\u2019Aviron Bayonnais est actuellement bless\u00e9 \u00e0 la vo\u00fbte plantaire. Le joueur de 23 ans a \u00e9t\u00e9 <strong>aper\u00e7u ce jeudi avec une botte au pied gauche<\/strong>, signe d\u2019une g\u00eane suffisamment s\u00e9rieuse pour n\u00e9cessiter des examens compl\u00e9mentaires. Leur objectif : d\u00e9terminer la gravit\u00e9 exacte de la blessure et la dur\u00e9e de son indisponibilit\u00e9. Un coup dur pour le meilleur marqueur d\u2019essais des ciel et blanc cette saison, auteur de 7 r\u00e9alisations toutes comp\u00e9titions confondues.<\/p>\n<p>Une blessure sournoise, rarement anodine<\/p>\n<p>La vo\u00fbte plantaire, <strong>ce n\u2019est jamais anodin pour un joueur de rugby<\/strong>, encore moins pour un troisi\u00e8me ligne. Zone cl\u00e9 dans la transmission des appuis, elle encaisse tout : changements de direction, pouss\u00e9es en m\u00eal\u00e9e, impacts r\u00e9p\u00e9t\u00e9s. Une douleur persistante \u00e0 cet endroit peut vite devenir handicapante, surtout \u00e0 haute intensit\u00e9.<a class=\"inserer_lien_article\" href=\"https:\/\/www.lerugbynistere.fr\/news\/capilla-est-un-cheat-code-il-casse-des-reins-joue-au-pied-et-plante-des-essais-comme-un-ailier-bientot-en-bleu-1810251644.php\" data-id=\"46507\" data-route=\"app.article\" data-param=\"articleId\" ui-sref=\"app.article({articleId: 46507})\" alt=\"&#039;&#039;Capilla est un cheat code&#039;&#039;, il casse des reins, joue au pied et plante des essais comme un ailier, bient\u00f4t en Bleu ?\" title=\"&#039;&#039;Capilla est un cheat code&#039;&#039;, il casse des reins, joue au pied et plante des essais comme un ailier, bient\u00f4t en Bleu ?\" target=\"_blank\" rel=\"noopener\"><img decoding=\"async\" src=\"https:\/\/www.europesays.com\/fr\/wp-content\/uploads\/2026\/01\/capilla-est-un-cheat-code-le-cyborg-basque-impresionne-les-supporters-militent-pour-le-voir-en-bleu-.jpeg\" alt=\"''Capilla est un cheat code'', il casse des reins, joue au pied et plante des essais comme un ailier, bient\u00f4t en Bleu ?\"\/>\u00a0\u00bbCapilla est un cheat code\u00a0\u00bb, il casse des reins, joue au pied et plante des essais comme un ailier, bient\u00f4t en Bleu ?<\/a><\/p>\n<p>Le port d\u2019une botte laisse penser \u00e0 une mise au repos stricte, au moins temporaire, et \u00e0 une volont\u00e9 de ne prendre aucun risque. \u00c0 ce stade,<strong> impossible de savoir s\u2019il s\u2019agit d\u2019une simple inflammation ou d\u2019une l\u00e9sion plus profonde<\/strong>, mais l\u2019attente des examens est d\u00e9j\u00e0 un premier frein dans une p\u00e9riode charni\u00e8re.<\/p>\n<p>Capilla, le profil qui cochait toutes les cases<\/p>\n<p>Si cette blessure fait autant parler, c\u2019est aussi parce qu\u2019Esteban Capilla n\u2019est plus un inconnu. Form\u00e9 \u00e0 <a href=\"https:\/\/www.lerugbynistere.fr\/clubs\/aviron-bayonnais.php\" ui-sref=\"app.team({teamId: 43})\" alt=\"Bayonne\" data-route=\"app.team\" data-param=\"teamId\" data-id=\"43\" target=\"_blank\" rel=\"noopener\">Bayonne<\/a>, international U20, il s\u2019est impos\u00e9 cette saison comme un cadre du paquet d\u2019avants basque. Puissant, mobile, dot\u00e9 d\u2019un vrai sens du timing pr\u00e8s de la ligne, il a franchi un cap \u00e9vident. Ses 7 essais ne doivent rien au hasard : ils traduisent une activit\u00e9 constante, une capacit\u00e9 \u00e0 \u00eatre au soutien et \u00e0 finir les coups. <strong>Autant d\u2019arguments qui expliquaient pourquoi beaucoup le voyaient d\u00e9j\u00e0 dans le radar des Bleus.<a class=\"inserer_lien_article\" href=\"https:\/\/www.lerugbynistere.fr\/news\/cramont-capilla-maximin-le-xv-de-france-avec-11-joueurs-sans-selection-pour-preparer-les-fidji-0811251007.php\" data-id=\"46722\" data-route=\"app.article\" data-param=\"articleId\" ui-sref=\"app.article({articleId: 46722})\" alt=\"Cramont, Capilla, Maximin\u2026 Le XV de France avec 11 joueurs sans s\u00e9lection pour pr\u00e9parer les Fidji\" title=\"Cramont, Capilla, Maximin\u2026 Le XV de France avec 11 joueurs sans s\u00e9lection pour pr\u00e9parer les Fidji\" target=\"_blank\" rel=\"noopener\"><img decoding=\"async\" src=\"https:\/\/www.europesays.com\/fr\/wp-content\/uploads\/2026\/01\/cramont-capilla-maximin-le-xv-de-france-avec-11-joueurs-sans-selection-pour-preparer-les-fidji-08-11.jpeg\" alt=\"Cramont, Capilla, Maximin\u2026 Le XV de France avec 11 joueurs sans s\u00e9lection pour pr\u00e9parer les Fidji\"\/>Cramont, Capilla, Maximin\u2026 Le XV de France avec 11 joueurs sans s\u00e9lection pour pr\u00e9parer les Fidji<\/a><\/strong>Dans le rugby de haut niveau, tout se joue souvent \u00e0 quelques semaines pr\u00e8s. Capilla arrivait dans une s\u00e9quence id\u00e9ale : r\u00e9gularit\u00e9 en club, visibilit\u00e9 m\u00e9diatique, attente populaire. Cette blessure tombe donc au pire moment. M\u00eame si elle s\u2019av\u00e8re b\u00e9nigne, <strong>l\u2019incertitude suffit \u00e0 ralentir une dynamique.<\/strong> Et dans un contexte o\u00f9 la concurrence est f\u00e9roce au poste de troisi\u00e8me ligne, chaque absence compte. Le rugby ne pardonne pas les temps morts, surtout quand d\u2019autres en profitent pour marquer des points.<\/p>\n<p>Un de plus \u00e0 l&rsquo;infirmerie Bayonne<\/p>\n<p>Pour l\u2019Aviron Bayonnais, c\u2019est une vraie interrogation. Capilla est devenu un maillon essentiel de l\u2019\u00e9quilibre de l\u2019\u00e9quipe, autant dans le combat que dans la finition. Son \u00e9ventuelle absence obligera le staff \u00e0 r\u00e9ajuster sa troisi\u00e8me ligne, <strong>peut-\u00eatre \u00e0 redistribuer les r\u00f4les.<\/strong> Dans une saison de <a href=\"https:\/\/www.lerugbynistere.fr\/championnats\/top-14\" ui-sref=\"app.competition({competitionId: 1})\" alt=\"Top 14\" data-route=\"app.competition\" data-param=\"competitionId\" data-id=\"1\" target=\"_blank\" rel=\"noopener\">Top 14<\/a> o\u00f9 la constance est souvent la cl\u00e9 du maintien et des ambitions plus hautes, perdre un joueur aussi en forme n\u2019est jamais neutre.<\/p>\n<p>Giovanni HABEL-K\u00dcFFNER (tendon d\u2019Achille) et Maxime MACHENAUD (genou), indisponibilit\u00e9 longue dur\u00e9e. Pierre CASTILLON (cheville), Tom LEVEQUE (cheville), Baptiste GERMAIN (cheville), Rodrigo BRUNI (\u00e9paule), Baptiste CHOUZENOUX (coude) poursuivent leur r\u00e9\u00e9ducation respective. Tevita TATAFU (cheville), Alex MOON (pied), Reece HODGE (genou), Mateo CARRERAS (cuisse) et Yohan ORABE (cuisse) sont en cours de r\u00e9athl\u00e9tisation.<\/p>\n<p>C\u00f4t\u00e9 s\u00e9lection, cette blessure n\u2019enterre rien, mais elle retarde tout. <strong>Capilla est jeune, encore en construction, et son potentiel reste intact.<\/strong> Mais le haut niveau international ne laisse que peu de fen\u00eatres. Rater une opportunit\u00e9, c\u2019est parfois devoir attendre la suivante. \u00c0 lui d\u00e9sormais de revenir vite, bien, et surtout durablement.\u00a0\u00c0 23 ans, Esteban Capilla a le temps pour lui. Cette blessure est un contretemps, pas un verdict. Le plus dur sera d\u2019accepter l\u2019attente, puis de repartir comme il sait le faire : fort, simple et efficace. Le reste suivra.<\/p>\n","protected":false},"excerpt":{"rendered":"Alors que son nom circulait avec insistance dans les discussions autour du XV de France, Esteban Capilla voit&hellip;\n","protected":false},"author":2,"featured_media":638451,"comment_status":"","ping_status":"","sticky":false,"template":"","format":"standard","meta":{"footnotes":""},"categories":[1416],"tags":[1011,27,479,1468,60],"class_list":{"0":"post-638450","1":"post","2":"type-post","3":"status-publish","4":"format-standard","5":"has-post-thumbnail","7":"category-rugby","8":"tag-fr","9":"tag-france","10":"tag-rugby","11":"tag-rugby-football","12":"tag-sports"},"share_on_mastodon":{"url":"https:\/\/pubeurope.com\/@fr\/115831627133452336","error":""},"_links":{"self":[{"href":"https:\/\/www.europesays.com\/fr\/wp-json\/wp\/v2\/posts\/638450","targetHints":{"allow":["GET"]}}],"collection":[{"href":"https:\/\/www.europesays.com\/fr\/wp-json\/wp\/v2\/posts"}],"about":[{"href":"https:\/\/www.europesays.com\/fr\/wp-json\/wp\/v2\/types\/post"}],"author":[{"embeddable":true,"href":"https:\/\/www.europesays.com\/fr\/wp-json\/wp\/v2\/users\/2"}],"replies":[{"embeddable":true,"href":"https:\/\/www.europesays.com\/fr\/wp-json\/wp\/v2\/comments?post=638450"}],"version-history":[{"count":0,"href":"https:\/\/www.europesays.com\/fr\/wp-json\/wp\/v2\/posts\/638450\/revisions"}],"wp:featuredmedia":[{"embeddable":true,"href":"https:\/\/www.europesays.com\/fr\/wp-json\/wp\/v2\/media\/638451"}],"wp:attachment":[{"href":"https:\/\/www.europesays.com\/fr\/wp-json\/wp\/v2\/media?parent=638450"}],"wp:term":[{"taxonomy":"category","embeddable":true,"href":"https:\/\/www.europesays.com\/fr\/wp-json\/wp\/v2\/categories?post=638450"},{"taxonomy":"post_tag","embeddable":true,"href":"https:\/\/www.europesays.com\/fr\/wp-json\/wp\/v2\/tags?post=638450"}],"curies":[{"name":"wp","href":"https:\/\/api.w.org\/{rel}","templated":true}]}}