{"id":638454,"date":"2026-01-03T14:29:10","date_gmt":"2026-01-03T14:29:10","guid":{"rendered":"https:\/\/www.europesays.com\/fr\/638454\/"},"modified":"2026-01-03T14:29:10","modified_gmt":"2026-01-03T14:29:10","slug":"arkea-bb-hugh-harvey-ne-reviendra-pas-en-europe-actualite","status":"publish","type":"post","link":"https:\/\/www.europesays.com\/fr\/638454\/","title":{"rendered":"Ark\u00e9a-B&#038;B : Hugh Harvey ne reviendra pas en Europe &#8211; Actualit\u00e9"},"content":{"rendered":"<p dir=\"ltr\">Apr\u00e8s deux saisons dans la r\u00e9serve d\u2019Ark\u00e9a-B&amp;B H\u00f4tels, Hugh Harvey a fait le choix de ne pas revenir en Europe en 2026. Mais le gar\u00e7on de 20 ans n\u2019en a pas pour autant termin\u00e9 avec le cyclisme. \u201cJe vais continuer de faire du v\u00e9lo en amateur en Australie, et j\u2019ai lanc\u00e9 WattWorks Performance, une activit\u00e9 de coaching pour aider d\u2019autres cyclistes \u00e0 atteindre de grands objectifs\u201d, rapporte-t-il \u00e0 DirectVelo.<\/p>\n<p dir=\"ltr\"><strong><a href=\"https:\/\/www.directvelo.com\/actualite\/112399\/hugh-harvey-de-l-aviron-au-cyclisme\" target=\"_blank\" rel=\"noopener\">Hugh Harvey a pratiqu\u00e9 l\u2019aviron jusqu\u2019en 2022 avant de se consacrer \u00e0 100 % au v\u00e9lo<\/a><\/strong>. Gr\u00e2ce \u00e0 quelques r\u00e9sultats et de belles donn\u00e9es au sprint, il \u00e9tait venu en 2023 en Europe pour courir avec l\u2019\u00e9quipe n\u00e9erlandaise Gepla-Watersley. D\u00e8s son arriv\u00e9e, il avait remport\u00e9 une \u00e9tape de l\u2019Acht van Bladel, \u00e9preuve UCI Juniors. \u202fCe succ\u00e8s lui avait donc ouvert les portes de la Conti d\u2019Ark\u00e9a-B&amp;B H\u00f4tels pour ses grands d\u00e9buts chez les Espoirs. <\/p>\n<p><strong><a href=\"https:\/\/www.directvelo.com\/coureur\/54053\/hugh-harvey\" target=\"_blank\" rel=\"noopener\">Il n\u2019aura pas r\u00e9ussi \u00e0 obtenir de r\u00e9sultat significatif<\/a> <\/strong>avec la formation fran\u00e7aise pour laquelle il n\u2019avait plus couru \u00e0 partir du Tour d\u2019Eure-et-Loir, disput\u00e9 mi-juin. \u201cJ\u2019ai rencontr\u00e9 beaucoup de nouvelles personnes et v\u00e9cu plein d\u2019exp\u00e9riences incroyables. Le parcours a \u00e9t\u00e9 sem\u00e9 de d\u00e9fis, et je suis fier d\u2019avoir atteint des exigences de poids apparemment impossibles et d\u2019avoir r\u00e9alis\u00e9 des records personnels de puissance\u201d, \u00e9crit-il sur Instagram.<\/p>\n","protected":false},"excerpt":{"rendered":"Apr\u00e8s deux saisons dans la r\u00e9serve d\u2019Ark\u00e9a-B&amp;B H\u00f4tels, Hugh Harvey a fait le choix de ne pas revenir&hellip;\n","protected":false},"author":2,"featured_media":638455,"comment_status":"","ping_status":"","sticky":false,"template":"","format":"standard","meta":{"footnotes":""},"categories":[1411],"tags":[834,828,836,829,837,827,83,826,824,823,1154,207,814,817,815,816,822,821,832,211,839,1011,27,820,818,819,835,831,830,833,838,60,212,208,825],"class_list":{"0":"post-638454","1":"post","2":"type-post","3":"status-publish","4":"format-standard","5":"has-post-thumbnail","7":"category-cyclisme","8":"tag-attaque","9":"tag-belgique","10":"tag-braquet","11":"tag-bretagne","12":"tag-chute","13":"tag-competition","14":"tag-coupe-de-france","15":"tag-coureur","16":"tag-course-cyclisme","17":"tag-course-cycliste","18":"tag-cycling","19":"tag-cyclisme","20":"tag-direct","21":"tag-direct-velo","22":"tag-directvelo","23":"tag-directvelo-com","24":"tag-epreuve","25":"tag-epreuve-cycliste","26":"tag-federation-francaise-de-cyclisme","27":"tag-ffc","28":"tag-flandres","29":"tag-fr","30":"tag-france","31":"tag-live","32":"tag-live-course","33":"tag-live-epreuve","34":"tag-peloton","35":"tag-radio-peloton","36":"tag-radio-tour","37":"tag-ravitaillement","38":"tag-relance","39":"tag-sports","40":"tag-uci","41":"tag-velo","42":"tag-velos"},"share_on_mastodon":{"url":"https:\/\/pubeurope.com\/@fr\/115831646682944889","error":""},"_links":{"self":[{"href":"https:\/\/www.europesays.com\/fr\/wp-json\/wp\/v2\/posts\/638454","targetHints":{"allow":["GET"]}}],"collection":[{"href":"https:\/\/www.europesays.com\/fr\/wp-json\/wp\/v2\/posts"}],"about":[{"href":"https:\/\/www.europesays.com\/fr\/wp-json\/wp\/v2\/types\/post"}],"author":[{"embeddable":true,"href":"https:\/\/www.europesays.com\/fr\/wp-json\/wp\/v2\/users\/2"}],"replies":[{"embeddable":true,"href":"https:\/\/www.europesays.com\/fr\/wp-json\/wp\/v2\/comments?post=638454"}],"version-history":[{"count":0,"href":"https:\/\/www.europesays.com\/fr\/wp-json\/wp\/v2\/posts\/638454\/revisions"}],"wp:featuredmedia":[{"embeddable":true,"href":"https:\/\/www.europesays.com\/fr\/wp-json\/wp\/v2\/media\/638455"}],"wp:attachment":[{"href":"https:\/\/www.europesays.com\/fr\/wp-json\/wp\/v2\/media?parent=638454"}],"wp:term":[{"taxonomy":"category","embeddable":true,"href":"https:\/\/www.europesays.com\/fr\/wp-json\/wp\/v2\/categories?post=638454"},{"taxonomy":"post_tag","embeddable":true,"href":"https:\/\/www.europesays.com\/fr\/wp-json\/wp\/v2\/tags?post=638454"}],"curies":[{"name":"wp","href":"https:\/\/api.w.org\/{rel}","templated":true}]}}