{"id":638462,"date":"2026-01-03T14:35:10","date_gmt":"2026-01-03T14:35:10","guid":{"rendered":"https:\/\/www.europesays.com\/fr\/638462\/"},"modified":"2026-01-03T14:35:10","modified_gmt":"2026-01-03T14:35:10","slug":"amour-gloire-et-beaute-top-models-spoiler-ce-qui-vous-attend-dans-les-episodes-du-5-au-9-janvier-2026-sur-tf1","status":"publish","type":"post","link":"https:\/\/www.europesays.com\/fr\/638462\/","title":{"rendered":"Amour, gloire et beaut\u00e9 \/ Top models (spoiler)\u00a0: Ce qui vous attend dans les \u00e9pisodes du 5 au 9 janvier 2026 sur TF1"},"content":{"rendered":"<p>\n\t\t\t\t\t\tPubli\u00e9 le 03\/01\/2026 \u00e0 13:40<\/p>\n<p>D\u00e8s ce lundi 5 janvier 2026, <strong>Amour, Gloire et Beaut\u00e9<\/strong> fait son retour sur TF1 avec deux \u00e9pisodes par jour, d\u00e9j\u00e0 diffus\u00e9s en d\u00e9cembre 2025 sur TF1 S\u00e9ries Films. Cette programmation va durer le temps de deux semaines avant l\u2019arriv\u00e9e de la version longue de <strong>Bonjour<\/strong>.<\/p>\n<p>Ce lundi 5 janvier 2026, apr\u00e8s <a href=\"https:\/\/toutelatele.ouest-france.fr\/video-marie-ange-nardi-s-effondre-en-larmes-lors-de-son-message-d-adieu-sur-tf1-182311\" class=\"spip_in\" target=\"_blank\" rel=\"noopener\">la fin de contrat avec la production de T\u00e9l\u00e9shopping<\/a>, \u00e9mission embl\u00e9matique cr\u00e9\u00e9e par Pierre Bellemare il y a 38 ans, et avant l\u2019arriv\u00e9e du prolongement de sa matinale Bonjour, TF1 rappelle <strong><a href=\"https:\/\/toutelatele.ouest-france.fr\/amour-gloire-et-beaute-top-models-321\" target=\"_blank\" rel=\"noopener\">Amour, Gloire et Beaut\u00e9<\/a><\/strong>.<\/p>\n<p>Pour rappel, la chaine priv\u00e9e a supprim\u00e9 ce feuilleton culte de sa grille, programm\u00e9 juste avant <strong><a href=\"https:\/\/toutelatele.ouest-france.fr\/les-feux-de-l-amour-907\" target=\"_blank\" rel=\"noopener\">Les feux de l\u2019amour<\/a><\/strong>, le 25 ao\u00fbt 2025 afin de rallonger sa matinale. Si les quelque 300 000 fans quotidiens sont donc priv\u00e9s de leur soap sur TF1, ils peuvent toutefois continuer \u00e0 le suivre chaque matin \u00e0 6h35 sur TF1 S\u00e9ries Films ainsi que sur la plateforme TF1+.<\/p>\n<p>Mais en derni\u00e8re minute, afin de laisser le temps aux \u00e9quipes de <strong><a href=\"https:\/\/toutelatele.ouest-france.fr\/bonjour-1530\" target=\"_blank\" rel=\"noopener\">Bonjour<\/a><\/strong> de se pr\u00e9parer au mieux, <a href=\"https:\/\/toutelatele.ouest-france.fr\/amour-gloire-et-beaute-le-retour-inattendu-du-feuilleton-sur-tf1-en-2026-mais-cela-ne-va-pas-durer-182220\" class=\"spip_in\" target=\"_blank\" rel=\"noopener\">la chaine priv\u00e9e a choisi de rappeler Amour, Gloire Beaut\u00e9 pour une double dose quotidienne<\/a> entre le 5 et le 16 janvier 2026. Une d\u00e9cision quelque peu saugrenue qui pourrait bien d\u00e9stabiliser les inconditionnels des aventures des Forrester, Logan et autres Spencer.<\/p>\n<p>D\u2019autant plus que TF1 a choisi de repartir en arri\u00e8re dans les intrigues et de rediffuser les \u00e9pisodes vus sur TF1 S\u00e9ries Films depuis le 22 d\u00e9cembre dernier. Pour mieux comprendre cet imbroglio, Toutelatele vous resitue les histoires propos\u00e9es sur l\u2019antenne entre 9h55 et 10h55, soit deux \u00e9pisodes par jour, du lundi 5 au vendredi 9 janvier 2026.<\/p>\n<p>Le plan de Steffy pour son retour chez Forrester Creations<\/p>\n<p><strong>Lundi 5 janvier 2026<\/strong><\/p>\n<p><strong>9h55\u00a0: \u00e9pisode 9443<\/strong><br class=\"autobr\"\/><br \/>\nRidge raconte \u00e0 Eric et Zende que Steffy lui a r\u00e9v\u00e9l\u00e9 une partie de son plan. \u00c0 la maison de la falaise, Brooke vient voir Taylor et l\u2019accuse d\u2019avoir s\u00e9duit Ridge. Puis, Taylor (<strong>Rebecca Budig<\/strong>) se rend au manoir Forrester o\u00f9 Ridge l\u2019invite \u00e0 emm\u00e9nager. Plus tard, Brooke appelle Ridge pour lui avouer son amour, mais Ridge lui raccroche au nez.<\/p>\n<p><strong>10h25\u00a0: \u00e9pisode 9444<\/strong> <br class=\"autobr\"\/><br \/>\nPoppy (<strong>Romy Park<\/strong>) nie avoir couch\u00e9 avec Jack, le mari de Li, qui arrive \u00e0 la demande de cette derni\u00e8re. Li accuse Jack de sa trahison. Jack s\u2019excuse pour sa liaison avec Sheila, mais nie avoir couch\u00e9 avec Poppy. Pourtant, Li en est s\u00fbre\u00a0: Luna est leur fille\u00a0!<\/p>\n<p><strong>Mardi 6 janvier 2026<\/strong><\/p>\n<p><strong>9h55\u00a0: \u00e9pisode 9445<\/strong><br class=\"autobr\"\/><br \/>\nAlors que Jack (<strong>Ted King<\/strong>) allait quitter les lieux, Li lui injecte une seringue de force. Apr\u00e8s avoir pris le sang de Jack, elle annonce qu\u2019elle va savoir qui est vraiment le p\u00e8re de Luna en effectuant un autre test de paternit\u00e9.<\/p>\n<p><strong>10h25\u00a0: \u00e9pisode 9446<\/strong><br class=\"autobr\"\/><br \/>\nLiam (<strong>Scott Clifton<\/strong>) se m\u00e9fie de Bill, alors que ce dernier cache Luna. \u00c0 la maison de la falaise, Steffy annonce \u00e0 Finn qu\u2019elle est de retour \u00e0 Forrester pour mettre son plan \u00e0 ex\u00e9cution.<\/p>\n<p><strong>Mercredi 7 janvier 2026<\/strong><\/p>\n<p><strong>9h55\u00a0: \u00e9pisode 9447<\/strong><br class=\"autobr\"\/><br \/>\nFinn (<strong>Tanner Novlan<\/strong>) a une prise de conscience sur ses parents et lui-m\u00eame. Au manoir Spencer, Liam supplie Bill de lui avouer sa r\u00e9cente solitude. Pour tourner la page, Liam sugg\u00e8re \u00e0 son p\u00e8re d\u2019aller voir Luna en prison.<\/p>\n<p><strong>10h25\u00a0: \u00e9pisode 9448<\/strong><br class=\"autobr\"\/><br \/>\nHope (<strong>Annika Noelle<\/strong>) et Carter font leur maximum pour faire entrer Daphne Rose chez Forrester Creations. Bill et Luna discutent de leur pass\u00e9.<\/p>\n<p>Finn va d\u00e9couvrir qu\u2019il est le p\u00e8re de Luna<\/p>\n<p><strong>Jeudi 8 janvier 2026<\/strong><\/p>\n<p><strong>9h55\u00a0: \u00e9pisode 9449<\/strong><br class=\"autobr\"\/><br \/>\nCarter et Daphne (<strong>Murielle Hilaire<\/strong>) scellent leur accord. Li d\u00e9couvre les r\u00e9sultats du test de paternit\u00e9 de Jack.<\/p>\n<p><strong>10h25\u00a0: \u00e9pisode 9450<\/strong><br class=\"autobr\"\/><br \/>\nSteffy (<strong>Jacqueline MacInnes Wood<\/strong>) re\u00e7oit le soutien de Taylor et Ridge face \u00e0 ses probl\u00e8mes familiaux avec les Finnegan.<\/p>\n<p><strong>Vendredi 9 janvier 2026<\/strong><\/p>\n<p><strong>9h55\u00a0: \u00e9pisode 9451<\/strong><br class=\"autobr\"\/><br \/>\nLi confie \u00e0 Finn ses inqui\u00e9tudes concernant l\u2019infid\u00e9lit\u00e9 de Jack. Ridge et Taylor (<strong>Rebecca Budig<\/strong>) font de Steffy et Finn une affaire de famille. Jack s\u2019excuse aupr\u00e8s de Poppy de ne pas l\u2019avoir d\u00e9fendue lorsque Li a commenc\u00e9 \u00e0 l\u2019insulter. Jack demande alors si Poppy sait qui est le p\u00e8re de Luna maintenant que tant de candidats ont \u00e9t\u00e9 \u00e9cart\u00e9s. Poppy reste silencieuse, et Jack promet de ne plus jamais poser la question.<\/p>\n<p><strong>10h25\u00a0: \u00e9pisode 9452<\/strong><br class=\"autobr\"\/><br \/>\nFinn fait face \u00e0 une r\u00e9v\u00e9lation alors qu\u2019il g\u00e8re le dilemme entre Poppy et Li. Exigeant une r\u00e9ponse honn\u00eate, Finn demande \u00e0 Poppy s\u2019il est possible qu\u2019il soit le vrai p\u00e8re de Luna. Au Giardino, Jack invite Li (<strong>Naomi Matsuda<\/strong>) \u00e0 d\u00e9jeuner. Ils s\u2019excusent mutuellement pour toutes leurs erreurs pass\u00e9es. Pendant ce temps, Luna et Bill deviennent honn\u00eates sur la filiation et la famille.<\/p>\n","protected":false},"excerpt":{"rendered":"Publi\u00e9 le 03\/01\/2026 \u00e0 13:40 D\u00e8s ce lundi 5 janvier 2026, Amour, Gloire et Beaut\u00e9 fait son retour&hellip;\n","protected":false},"author":2,"featured_media":638463,"comment_status":"","ping_status":"","sticky":false,"template":"","format":"standard","meta":{"footnotes":""},"categories":[1356],"tags":[58,59,1011,27,252,1364],"class_list":{"0":"post-638462","1":"post","2":"type-post","3":"status-publish","4":"format-standard","5":"has-post-thumbnail","7":"category-television","8":"tag-divertissement","9":"tag-entertainment","10":"tag-fr","11":"tag-france","12":"tag-television","13":"tag-tv"},"share_on_mastodon":{"url":"https:\/\/pubeurope.com\/@fr\/115831670328364734","error":""},"_links":{"self":[{"href":"https:\/\/www.europesays.com\/fr\/wp-json\/wp\/v2\/posts\/638462","targetHints":{"allow":["GET"]}}],"collection":[{"href":"https:\/\/www.europesays.com\/fr\/wp-json\/wp\/v2\/posts"}],"about":[{"href":"https:\/\/www.europesays.com\/fr\/wp-json\/wp\/v2\/types\/post"}],"author":[{"embeddable":true,"href":"https:\/\/www.europesays.com\/fr\/wp-json\/wp\/v2\/users\/2"}],"replies":[{"embeddable":true,"href":"https:\/\/www.europesays.com\/fr\/wp-json\/wp\/v2\/comments?post=638462"}],"version-history":[{"count":0,"href":"https:\/\/www.europesays.com\/fr\/wp-json\/wp\/v2\/posts\/638462\/revisions"}],"wp:featuredmedia":[{"embeddable":true,"href":"https:\/\/www.europesays.com\/fr\/wp-json\/wp\/v2\/media\/638463"}],"wp:attachment":[{"href":"https:\/\/www.europesays.com\/fr\/wp-json\/wp\/v2\/media?parent=638462"}],"wp:term":[{"taxonomy":"category","embeddable":true,"href":"https:\/\/www.europesays.com\/fr\/wp-json\/wp\/v2\/categories?post=638462"},{"taxonomy":"post_tag","embeddable":true,"href":"https:\/\/www.europesays.com\/fr\/wp-json\/wp\/v2\/tags?post=638462"}],"curies":[{"name":"wp","href":"https:\/\/api.w.org\/{rel}","templated":true}]}}