{"id":638464,"date":"2026-01-03T14:36:12","date_gmt":"2026-01-03T14:36:12","guid":{"rendered":"https:\/\/www.europesays.com\/fr\/638464\/"},"modified":"2026-01-03T14:36:12","modified_gmt":"2026-01-03T14:36:12","slug":"elle-est-la-3e-musicienne-la-plus-remuneree-au-monde","status":"publish","type":"post","link":"https:\/\/www.europesays.com\/fr\/638464\/","title":{"rendered":"elle est la 3e musicienne la plus r\u00e9mun\u00e9r\u00e9e au monde"},"content":{"rendered":"<p><strong>Pactole<\/strong>. Selon le magazine Forbes, <a href=\"https:\/\/www.journaldesfemmes.fr\/people\/beyonce\/\" title=\"Beyonc\u00e9\" target=\"_blank\" rel=\"noopener\">Beyonc\u00e9<\/a> a int\u00e9gr\u00e9 le club des milliardaires cette ann\u00e9e gr\u00e2ce au\u00a0succ\u00e8s colossal de son dernier album Cowboy Carter, \u00e0 sa tourn\u00e9e mondiale, \u00e0 sa marque capillaire C\u00e9cred, \u00e0 son whisky Sir David et son ancienne ligne Ivy Park. La chanteuse de 44 ans occupe d\u00e9sormais la troisi\u00e8me place des musiciennes les mieux r\u00e9mun\u00e9r\u00e9es du monde.<\/p>\n","protected":false},"excerpt":{"rendered":"Pactole. Selon le magazine Forbes, Beyonc\u00e9 a int\u00e9gr\u00e9 le club des milliardaires cette ann\u00e9e gr\u00e2ce au\u00a0succ\u00e8s colossal de&hellip;\n","protected":false},"author":2,"featured_media":638465,"comment_status":"","ping_status":"","sticky":false,"template":"","format":"standard","meta":{"footnotes":""},"categories":[1355],"tags":[7362,74567,51761,58,59,52292,1011,27,51766,1031,1361,873],"class_list":{"0":"post-638464","1":"post","2":"type-post","3":"status-publish","4":"format-standard","5":"has-post-thumbnail","7":"category-musique","8":"tag-beyonce","9":"tag-cms-journaldesfemmes-3252241","10":"tag-controller-content","11":"tag-divertissement","12":"tag-entertainment","13":"tag-format-reportage","14":"tag-fr","15":"tag-france","16":"tag-les-histoires-du-jdf","17":"tag-magazine","18":"tag-music","19":"tag-musique"},"share_on_mastodon":{"url":"https:\/\/pubeurope.com\/@fr\/115831674200082322","error":""},"_links":{"self":[{"href":"https:\/\/www.europesays.com\/fr\/wp-json\/wp\/v2\/posts\/638464","targetHints":{"allow":["GET"]}}],"collection":[{"href":"https:\/\/www.europesays.com\/fr\/wp-json\/wp\/v2\/posts"}],"about":[{"href":"https:\/\/www.europesays.com\/fr\/wp-json\/wp\/v2\/types\/post"}],"author":[{"embeddable":true,"href":"https:\/\/www.europesays.com\/fr\/wp-json\/wp\/v2\/users\/2"}],"replies":[{"embeddable":true,"href":"https:\/\/www.europesays.com\/fr\/wp-json\/wp\/v2\/comments?post=638464"}],"version-history":[{"count":0,"href":"https:\/\/www.europesays.com\/fr\/wp-json\/wp\/v2\/posts\/638464\/revisions"}],"wp:featuredmedia":[{"embeddable":true,"href":"https:\/\/www.europesays.com\/fr\/wp-json\/wp\/v2\/media\/638465"}],"wp:attachment":[{"href":"https:\/\/www.europesays.com\/fr\/wp-json\/wp\/v2\/media?parent=638464"}],"wp:term":[{"taxonomy":"category","embeddable":true,"href":"https:\/\/www.europesays.com\/fr\/wp-json\/wp\/v2\/categories?post=638464"},{"taxonomy":"post_tag","embeddable":true,"href":"https:\/\/www.europesays.com\/fr\/wp-json\/wp\/v2\/tags?post=638464"}],"curies":[{"name":"wp","href":"https:\/\/api.w.org\/{rel}","templated":true}]}}