{"id":638476,"date":"2026-01-03T14:42:12","date_gmt":"2026-01-03T14:42:12","guid":{"rendered":"https:\/\/www.europesays.com\/fr\/638476\/"},"modified":"2026-01-03T14:42:12","modified_gmt":"2026-01-03T14:42:12","slug":"les-meilleures-lessives-selon-60-millions-de-consommateurs","status":"publish","type":"post","link":"https:\/\/www.europesays.com\/fr\/638476\/","title":{"rendered":"Les meilleures lessives selon 60 Millions de consommateurs"},"content":{"rendered":"<p itemprop=\"description\">60 Millions de consommateurs vient de<br \/>\nsortir les r\u00e9sultats d\u2019une nouvelle enqu\u00eate. Voici les lessives \u00e0<br \/>\nprivil\u00e9gier \u00e0 la maison, et celles \u00e0 \u00e9viter.<\/p>\n<p>Vous cherchez une lessive efficace, au prix abordable et<br \/>\nrespectueuse de votre sant\u00e9 et de l\u2019environnement ? L\u2019association<br \/>\n60 Millions de consommateurs s\u2019est r\u00e9cemment pench\u00e9e sur la<br \/>\nquestion. Elle a pu d\u00e9terminer, gr\u00e2ce \u00e0 une enqu\u00eate approfondie,<br \/>\nles meilleures r\u00e9f\u00e9rences et celles \u00e0 bannir de vos intentions<br \/>\nd\u2019achat, comme le rapporte un r\u00e9cent article de Femme<br \/>\nActuelle.<\/p>\n<p>60 Millions de consommateurs a analys\u00e9 au total 24 lessives<br \/>\ndiff\u00e9rentes<\/p>\n<p>Quand on passe aux rayons lessives <a href=\"https:\/\/www.maison-travaux.fr\/actualites\/aujourdhui-inutile-chercher-piece-pour-prendre-caddie-dans-supermarches-officiel-disparait-610408.html\" target=\"_blank\" rel=\"noopener\">du supermarch\u00e9<\/a>, on peut<br \/>\nrapidement avoir le tournis<strong>. Il existe tellement de types<br \/>\nde lessives<\/strong> diff\u00e9rents qu\u2019on en perd rapidement son latin.<br \/>\nEntre les lessives pour le noir, le blanc ou les couleurs, les<br \/>\nversions liquides, en capsules, en poudre ou en feuilles, il<br \/>\ndevient <strong>compliqu\u00e9 de faire un choix.<\/strong><\/p>\n<p>Dans le but de toujours permettre aux Fran\u00e7ais de<br \/>\n<strong>consommer de mani\u00e8re transparente et \u00e9clair\u00e9e,<\/strong><br \/>\n<a href=\"https:\/\/www.maison-travaux.fr\/chauffage\/hiver-pompe-chaleur-exploser-facture-selon-millions-consommateurs-605629.html\" target=\"_blank\" rel=\"noopener\">l\u2019association<\/a> 60 Millions de<br \/>\nconsommateurs s\u2019est pench\u00e9e sur <strong>les lessives les plus<br \/>\nachet\u00e9es dans le commerce<\/strong>. L\u2019organisme a alors \u00e9tabli un<br \/>\nclassement, des pires aux meilleures lessives, en prenant en compte<br \/>\n24 r\u00e9f\u00e9rences.<\/p>\n<p>Voici les deux meilleures lessives \u00e0 utiliser \u00e0 la maison<\/p>\n<p>Dans son analyse, <a href=\"https:\/\/www.maison-travaux.fr\/sequiper\/conseils-pratiques\/meilleure-couette-selon-60-millions-consommateurs-580771.html\" target=\"_blank\" rel=\"noopener\">60 Millions de<br \/>\nconsommateurs<\/a> a souhait\u00e9 se concentrer sur <strong>les<br \/>\nlessives les plus vendues<\/strong>, soit liquides et en capsules.<br \/>\nAinsi, elle a pu d\u00e9terminer les meilleures r\u00e9f\u00e9rences, parmi les<br \/>\ngrandes marques, les marques \u00e9cologiques ou les marques<br \/>\ndistributeurs. Chaque lessive a \u00e9t\u00e9 test\u00e9e en situation, dans<br \/>\n<strong>une machine \u00e0 laver avec un programme court, \u00e0 30<br \/>\n\u00b0C.<\/strong><\/p>\n<p>R\u00e9sultat ? Ce sont <strong>des marques distributeurs<\/strong><br \/>\nqui remportent les deux premi\u00e8res places ! C\u00f4t\u00e9 lessive liquide, on<br \/>\nretrouve <strong>l\u00a0\u00bbEpsil Perfect Pure Fra\u00eecheur, de la marque<br \/>\nMarque Rep\u00e8re<\/strong>, distributrice dans les supermarch\u00e9s<br \/>\nE.Leclerc. <a href=\"https:\/\/www.maison-travaux.fr\/actualites\/supermarche-pourquoi-certains-magasins-affichent-prix-plus-eleves-dimanche-609591.html\" target=\"_blank\" rel=\"noopener\">Avec un prix<\/a> de seulement<br \/>\n<strong>4,60 euros<\/strong>, elle promet un nettoyage optimal et<br \/>\n\u00e9cologique. Vient ensuite une seconde lessive de la Marque Rep\u00e8re,<br \/>\nen capsule : <strong>la X\u00e9or Souffle de Fra\u00eecheur, au prix de 5,24<br \/>\neuros<\/strong>. Comme quoi, pas besoin d\u2019acheter des lessives de<br \/>\ngrandes marques hors de prix pour obtenir un linge propre et frais<br \/>\n!<\/p>\n<p><img decoding=\"async\" src=\"data:image\/svg+xml,%3Csvg%20xmlns=\" http:=\"\" width=\"100%\" height=\"auto\" data-lazy-src=\"https:\/\/www.europesays.com\/fr\/wp-content\/uploads\/2026\/01\/maxresdefault.jpg\"\/><br \/>\n<video width=\"100%\" height=\"360px\" controls=\"\" id=\"player_cade704ad07d069aa72191eea0eba4ef\" preload=\"auto\" class=\"video-js vjs-default-skin vjs-big-play-centered\" style=\"display:none; text-align: center; margin-bottom: 4px;\" poster=\"https:\/\/www.europesays.com\/fr\/wp-content\/uploads\/2026\/01\/maxresdefault.jpg\"\/><\/p>\n<p>Et celles \u00e0 bannir de vos achats selon<br \/>\n60 Millions de consommateurs<\/p>\n<p>L\u2019enqu\u00eate de l\u2019association de consommateurs a aussi permis<br \/>\nd\u2019identifier <a href=\"https:\/\/www.maison-travaux.fr\/sinformer\/lessive-arretez-de-la-reserver-au-linge-ces-9-usages-caches-a-la-maison-et-au-jardin-vont-vous-surprendre-609418.html\" target=\"_blank\" rel=\"noopener\">les r\u00e9f\u00e9rences<\/a> \u00e0 \u00e9viter, soit<br \/>\nparce qu\u2019elles sont <strong>trop ch\u00e8res et peu efficaces.<\/strong><br \/>\nSoit parce qu\u2019elles sont <strong>dangereuses, pour l\u2019\u00e9piderme ou<br \/>\npour l\u2019environnement.<\/strong> Et vous risquez d\u2019\u00eatre surpris car<br \/>\nces r\u00e9f\u00e9rences ne concernent que des <strong>grandes marques<br \/>\n!<\/strong><\/p>\n<p>Ainsi, 60 Millions de consommateurs recommandent de ne<br \/>\npas acheter <a href=\"https:\/\/www.maison-travaux.fr\/electromenager\/si-vous-avez-limpression-de-faire-des-lessives-tout-le-temps-cette-erreur-invisible-vous-vole-du-temps-et-de-largent-609673.html\" target=\"_blank\" rel=\"noopener\">la lessive<\/a> <strong>X-TRA Super<br \/>\nCroix Total 4+1, avec un prix de 11,45 euros.<\/strong> Mais aussi,<br \/>\nd\u2019\u00e9viter l\u2019achat de la lessive <strong>Omo 3 en 1 Essences<br \/>\nNaturelles Mono\u00ef, vendue \u00e0 11,43 euros.<\/strong> Comme quoi,<br \/>\nprendre soin de vous, de votre linge et de la plan\u00e8te n\u2019implique<br \/>\npas forc\u00e9ment d&rsquo;acqu\u00e9rir les marques les plus ch\u00e8res.<\/p>\n","protected":false},"excerpt":{"rendered":"60 Millions de consommateurs vient de sortir les r\u00e9sultats d\u2019une nouvelle enqu\u00eate. Voici les lessives \u00e0 privil\u00e9gier \u00e0&hellip;\n","protected":false},"author":2,"featured_media":638477,"comment_status":"","ping_status":"","sticky":false,"template":"","format":"standard","meta":{"footnotes":""},"categories":[6],"tags":[35,33,34,1011,27,729],"class_list":{"0":"post-638476","1":"post","2":"type-post","3":"status-publish","4":"format-standard","5":"has-post-thumbnail","7":"category-economie","8":"tag-business","9":"tag-economie","10":"tag-economy","11":"tag-fr","12":"tag-france","13":"tag-yout_video"},"share_on_mastodon":{"url":"https:\/\/pubeurope.com\/@fr\/115831697824513300","error":""},"_links":{"self":[{"href":"https:\/\/www.europesays.com\/fr\/wp-json\/wp\/v2\/posts\/638476","targetHints":{"allow":["GET"]}}],"collection":[{"href":"https:\/\/www.europesays.com\/fr\/wp-json\/wp\/v2\/posts"}],"about":[{"href":"https:\/\/www.europesays.com\/fr\/wp-json\/wp\/v2\/types\/post"}],"author":[{"embeddable":true,"href":"https:\/\/www.europesays.com\/fr\/wp-json\/wp\/v2\/users\/2"}],"replies":[{"embeddable":true,"href":"https:\/\/www.europesays.com\/fr\/wp-json\/wp\/v2\/comments?post=638476"}],"version-history":[{"count":0,"href":"https:\/\/www.europesays.com\/fr\/wp-json\/wp\/v2\/posts\/638476\/revisions"}],"wp:featuredmedia":[{"embeddable":true,"href":"https:\/\/www.europesays.com\/fr\/wp-json\/wp\/v2\/media\/638477"}],"wp:attachment":[{"href":"https:\/\/www.europesays.com\/fr\/wp-json\/wp\/v2\/media?parent=638476"}],"wp:term":[{"taxonomy":"category","embeddable":true,"href":"https:\/\/www.europesays.com\/fr\/wp-json\/wp\/v2\/categories?post=638476"},{"taxonomy":"post_tag","embeddable":true,"href":"https:\/\/www.europesays.com\/fr\/wp-json\/wp\/v2\/tags?post=638476"}],"curies":[{"name":"wp","href":"https:\/\/api.w.org\/{rel}","templated":true}]}}