{"id":638483,"date":"2026-01-03T14:46:12","date_gmt":"2026-01-03T14:46:12","guid":{"rendered":"https:\/\/www.europesays.com\/fr\/638483\/"},"modified":"2026-01-03T14:46:12","modified_gmt":"2026-01-03T14:46:12","slug":"saint-etienne-sa-voiture-volee-le-31-decembre-il-la-voit-le-lendemain-dans-la-rue-deux-suspects-interpelles","status":"publish","type":"post","link":"https:\/\/www.europesays.com\/fr\/638483\/","title":{"rendered":"Saint-\u00c9tienne. Sa voiture vol\u00e9e le 31\u00a0d\u00e9cembre, il la voit le lendemain dans la rue\u00a0: deux suspects interpell\u00e9s"},"content":{"rendered":"<p>Alors qu\u2019une voiture avait \u00e9t\u00e9 vol\u00e9e le 31\u00a0d\u00e9cembre avec les clefs, le propri\u00e9taire du v\u00e9hicule a aper\u00e7u, d\u00e8s le lendemain, sa voiture dans les rues de Saint-\u00c9tienne. Il compose alors le 17 pour pr\u00e9venir la police.<\/p>\n<p>Un \u00e9quipage de la brigade anticriminalit\u00e9 (BAC) est d\u00e9p\u00each\u00e9 sur place et trouve le v\u00e9hicule abandonn\u00e9. Les policiers d\u00e9cident de mettre en place une surveillance.<\/p>\n<p>Le dispositif s\u2019av\u00e9rera fructueux, car, quelques heures plus tard, deux individus vont monter \u00e0 bord de la voiture. Les policiers parviennent \u00e0 interpeller le conducteur, le passager parvenant \u00e0 prendre la fuite. Mais il sera reconnu et arr\u00eat\u00e9 plus tard dans la journ\u00e9e.<\/p>\n<p>Les deux hommes ont affirm\u00e9 ne pas \u00eatre au courant du vol de la voiture. Une explication difficilement entendable pour le conducteur. Il a fait l\u2019objet d\u2019une sanction p\u00e9cuniaire\u00a0: une ordonnance p\u00e9nale d\u00e9lictuelle.<\/p>\n<p>La victime, elle, a pu retrouver sa voiture.<\/p>\n","protected":false},"excerpt":{"rendered":"Alors qu\u2019une voiture avait \u00e9t\u00e9 vol\u00e9e le 31\u00a0d\u00e9cembre avec les clefs, le propri\u00e9taire du v\u00e9hicule a aper\u00e7u, d\u00e8s&hellip;\n","protected":false},"author":2,"featured_media":638484,"comment_status":"","ping_status":"","sticky":false,"template":"","format":"standard","meta":{"footnotes":""},"categories":[9653],"tags":[1111,11,2430,271,272,7539,1777,674,274,1011,27,3367,12,25,4001,7538],"class_list":{"0":"post-638483","1":"post","2":"type-post","3":"status-publish","4":"format-standard","5":"has-post-thumbnail","7":"category-saint-etienne","8":"tag-actu","9":"tag-actualites","10":"tag-auvergne-rhone-alpes","11":"tag-crime","12":"tag-delit-et-contravention","13":"tag-edition-loire-sud","14":"tag-eu","15":"tag-europe","16":"tag-faits-divers-justice","17":"tag-fr","18":"tag-france","19":"tag-loire","20":"tag-news","21":"tag-republique-francaise","22":"tag-saint-etienne","23":"tag-saint-etienne-ville"},"share_on_mastodon":{"url":"https:\/\/pubeurope.com\/@fr\/115831713607108354","error":""},"_links":{"self":[{"href":"https:\/\/www.europesays.com\/fr\/wp-json\/wp\/v2\/posts\/638483","targetHints":{"allow":["GET"]}}],"collection":[{"href":"https:\/\/www.europesays.com\/fr\/wp-json\/wp\/v2\/posts"}],"about":[{"href":"https:\/\/www.europesays.com\/fr\/wp-json\/wp\/v2\/types\/post"}],"author":[{"embeddable":true,"href":"https:\/\/www.europesays.com\/fr\/wp-json\/wp\/v2\/users\/2"}],"replies":[{"embeddable":true,"href":"https:\/\/www.europesays.com\/fr\/wp-json\/wp\/v2\/comments?post=638483"}],"version-history":[{"count":0,"href":"https:\/\/www.europesays.com\/fr\/wp-json\/wp\/v2\/posts\/638483\/revisions"}],"wp:featuredmedia":[{"embeddable":true,"href":"https:\/\/www.europesays.com\/fr\/wp-json\/wp\/v2\/media\/638484"}],"wp:attachment":[{"href":"https:\/\/www.europesays.com\/fr\/wp-json\/wp\/v2\/media?parent=638483"}],"wp:term":[{"taxonomy":"category","embeddable":true,"href":"https:\/\/www.europesays.com\/fr\/wp-json\/wp\/v2\/categories?post=638483"},{"taxonomy":"post_tag","embeddable":true,"href":"https:\/\/www.europesays.com\/fr\/wp-json\/wp\/v2\/tags?post=638483"}],"curies":[{"name":"wp","href":"https:\/\/api.w.org\/{rel}","templated":true}]}}