{"id":638488,"date":"2026-01-03T14:52:11","date_gmt":"2026-01-03T14:52:11","guid":{"rendered":"https:\/\/www.europesays.com\/fr\/638488\/"},"modified":"2026-01-03T14:52:11","modified_gmt":"2026-01-03T14:52:11","slug":"a-vendargues-une-collection-de-feves-locales-pour-lepiphanie","status":"publish","type":"post","link":"https:\/\/www.europesays.com\/fr\/638488\/","title":{"rendered":"\u00c0 Vendargues, une collection de f\u00e8ves locales pour l&rsquo;Epiphanie"},"content":{"rendered":"<p>L\u2019\u00e9tablissement affirme vouloir privil\u00e9gier un circuit court et de qualit\u00e9 afin de satisfaire la client\u00e8le. La question patrimoniale est aussi mise en avant\u00a0: \u201cLes personnages c\u00e9l\u00e8bres que l\u2019on retrouve sur nos plaques de rues font partie de notre patrimoine et nous avons mis cela en sc\u00e8ne sur notre collection de f\u00e8ves\u201c, explique le boulanger. Sur ces plaques au format miniature, on retrouve notamment Pierre Berthez\u00e8ne, g\u00e9n\u00e9ral fran\u00e7ais de la R\u00e9volution et de l\u2019Empire\u00a0sous Napol\u00e9on ;\u00a0Paul-Luc Sabatier,\u00a0po\u00e8te vigneron,\u00a0ainsi que\u00a0L\u00e9opold Olivier,\u00a0Pr\u00e9sident de la d\u00e9l\u00e9gation sp\u00e9ciale en 1944 et\u00a0maire de Vendargues de 1945\u00a0\u00e0 1977.<\/p>\n","protected":false},"excerpt":{"rendered":"L\u2019\u00e9tablissement affirme vouloir privil\u00e9gier un circuit court et de qualit\u00e9 afin de satisfaire la client\u00e8le. La question patrimoniale&hellip;\n","protected":false},"author":2,"featured_media":638489,"comment_status":"","ping_status":"","sticky":false,"template":"","format":"standard","meta":{"footnotes":""},"categories":[9599],"tags":[1111,11,1777,674,1011,27,2208,12,2680,25],"class_list":{"0":"post-638488","1":"post","2":"type-post","3":"status-publish","4":"format-standard","5":"has-post-thumbnail","7":"category-montpellier","8":"tag-actu","9":"tag-actualites","10":"tag-eu","11":"tag-europe","12":"tag-fr","13":"tag-france","14":"tag-montpellier","15":"tag-news","16":"tag-occitanie","17":"tag-republique-francaise"},"share_on_mastodon":{"url":"https:\/\/pubeurope.com\/@fr\/115831737207822858","error":""},"_links":{"self":[{"href":"https:\/\/www.europesays.com\/fr\/wp-json\/wp\/v2\/posts\/638488","targetHints":{"allow":["GET"]}}],"collection":[{"href":"https:\/\/www.europesays.com\/fr\/wp-json\/wp\/v2\/posts"}],"about":[{"href":"https:\/\/www.europesays.com\/fr\/wp-json\/wp\/v2\/types\/post"}],"author":[{"embeddable":true,"href":"https:\/\/www.europesays.com\/fr\/wp-json\/wp\/v2\/users\/2"}],"replies":[{"embeddable":true,"href":"https:\/\/www.europesays.com\/fr\/wp-json\/wp\/v2\/comments?post=638488"}],"version-history":[{"count":0,"href":"https:\/\/www.europesays.com\/fr\/wp-json\/wp\/v2\/posts\/638488\/revisions"}],"wp:featuredmedia":[{"embeddable":true,"href":"https:\/\/www.europesays.com\/fr\/wp-json\/wp\/v2\/media\/638489"}],"wp:attachment":[{"href":"https:\/\/www.europesays.com\/fr\/wp-json\/wp\/v2\/media?parent=638488"}],"wp:term":[{"taxonomy":"category","embeddable":true,"href":"https:\/\/www.europesays.com\/fr\/wp-json\/wp\/v2\/categories?post=638488"},{"taxonomy":"post_tag","embeddable":true,"href":"https:\/\/www.europesays.com\/fr\/wp-json\/wp\/v2\/tags?post=638488"}],"curies":[{"name":"wp","href":"https:\/\/api.w.org\/{rel}","templated":true}]}}