{"id":638490,"date":"2026-01-03T14:53:13","date_gmt":"2026-01-03T14:53:13","guid":{"rendered":"https:\/\/www.europesays.com\/fr\/638490\/"},"modified":"2026-01-03T14:53:13","modified_gmt":"2026-01-03T14:53:13","slug":"montpellier-les-attentes-meteo-pour-ce-samedi-3-janvier-2026","status":"publish","type":"post","link":"https:\/\/www.europesays.com\/fr\/638490\/","title":{"rendered":"Montpellier : les attentes m\u00e9t\u00e9o pour ce samedi 3 janvier 2026"},"content":{"rendered":"<p>\u00c0 Montpellier, la m\u00e9t\u00e9o du samedi 3 janvier 2026 s\u2019annonce marqu\u00e9e par un ciel variable et des temp\u00e9ratures fra\u00eeches qui pourraient influencer les activit\u00e9s des Montpelli\u00e9rains. En effet, la journ\u00e9e se d\u00e9roulera sous diff\u00e9rentes nuances climatiques, cr\u00e9ant des conditions \u00e0 la fois douces et froides.<\/p>\n<p>M\u00e9t\u00e9o \u00e0 Montpellier : ciel variable et fra\u00eecheur le 3 janvier 2026<\/p>\n<p>La journ\u00e9e du 3 janvier \u00e0 Montpellier d\u00e9butera avec des temp\u00e9ratures nettement fra\u00eeches. \u00c0 09 h, le thermom\u00e8tre affichera environ -1 \u00b0C, accentuant une sensation de froid g\u00e9n\u00e9r\u00e9e par des circonstances m\u00e9t\u00e9orologiques sp\u00e9cifiques. Avec un ressenti avoisinant les -5 \u00b0C, il est conseill\u00e9 aux habitants de rester prudents, notamment sur les routes qui pourraient pr\u00e9senter des risques de verglas, surtout aux premi\u00e8res heures.<\/p>\n<p>Matin : attention aux temp\u00e9ratures basses et aux routes glissantes<\/p>\n<p>Il est primordial pour les Montpelli\u00e9rains de faire preuve de vigilance ce matin-l\u00e0. Les conditions de circulation pourraient \u00eatre compliqu\u00e9es, car l\u2019humidit\u00e9 \u00e9lev\u00e9e de 88 % favorisera la formation de ros\u00e9e blanche sur les chauss\u00e9es. Ainsi, les automobilistes devront penser \u00e0 gratter leurs pare-brise avant de prendre la route. Pour ceux qui envisagent une sortie matinale, la superposition de couches de v\u00eatements est recommand\u00e9e pour \u00e9viter les pertes de chaleur, surtout sous ce ciel variable qui n\u2019annonce pas de pr\u00e9cipitations.<\/p>\n<p>Apr\u00e8s-midi : une l\u00e9g\u00e8re hausse des temp\u00e9ratures et quelques \u00e9claircies<\/p>\n<p>Au fil de la journ\u00e9e, un l\u00e9ger r\u00e9chauffement sera perceptible. \u00c0 15 h, les temp\u00e9ratures devraient atteindre 8 \u00b0C, bien que le ressenti ne d\u00e9passera pas 4 \u00b0C en raison d\u2019une brise l\u00e9g\u00e8re. Les Montpelli\u00e9rains pourront profiter des rares \u00e9claircies pour se d\u00e9placer, notamment sur des lieux embl\u00e9matiques tels que la place de la Com\u00e9die. C\u2019est l\u2019occasion id\u00e9ale pour fl\u00e2ner, mais n\u2019oubliez pas d\u2019emporter une veste chaude, surtout avec une humidit\u00e9 s\u2019\u00e9levant \u00e0 49 %, ce qui limitera le risque de brouillard.<\/p>\n<p>Soir : retour au froid et pr\u00e9visions pour le lendemain<\/p>\n<p>La temperature commencera progressivement \u00e0 chuter apr\u00e8s le coucher de soleil, pr\u00e9vu \u00e0 17 h 19. \u00c0 21 h, le thermom\u00e8tre devrait descendre \u00e0 1 \u00b0C, avec un ressenti tr\u00e8s frais de -2 \u00b0C, laissant pr\u00e9sager une nuit froide avec une humidit\u00e9 de 73 % qui pourrait donner lieu \u00e0 la formation de givre sur certaines surfaces. Pour les amateurs d\u2019activit\u00e9s nocturnes, il sera judicieux de se munir de gants et d\u2019un bonnet pour rester \u00e0 l\u2019aise.<\/p>\n<p>Concernant les pr\u00e9visions pour le lundi 4 janvier, le temps semble \u00eatre tr\u00e8s nuageux, et les temp\u00e9ratures devraient varier entre -2 \u00b0C au lever du jour et 6 \u00b0C l\u2019apr\u00e8s-midi, avec un faible risque de pluie. Le vent du Nord ajoutera une dimension de fra\u00eecheur, incitant \u00e0 privil\u00e9gier les endroits abrit\u00e9s en milieu de journ\u00e9e.<\/p>\n<p>Pour plus de d\u00e9tails sur la m\u00e9t\u00e9o \u00e0 Montpellier ce samedi, vous pouvez consulter la <a href=\"https:\/\/actus.meteocity.com\/meteo\/montpellier-2992166\/2026-01-03\/montpellier-previsions-meteo-du-samedi-03-janvier-2026\" target=\"_blank\" rel=\"noopener\">page d\u00e9di\u00e9e \u00e0 la m\u00e9t\u00e9o de Montpellier<\/a>.<\/p>\n<p>Ces conditions climatiques r\u00e9guli\u00e8res nous rappellent que l\u2019hiver m\u00e9diterran\u00e9en peut parfois \u00eatre tranchant, et que prudence et pr\u00e9paration sont essentielles pour naviguer dans les variations de temp\u00e9rature de cette saison.<\/p>\n","protected":false},"excerpt":{"rendered":"\u00c0 Montpellier, la m\u00e9t\u00e9o du samedi 3 janvier 2026 s\u2019annonce marqu\u00e9e par un ciel variable et des temp\u00e9ratures&hellip;\n","protected":false},"author":2,"featured_media":638386,"comment_status":"","ping_status":"","sticky":false,"template":"","format":"standard","meta":{"footnotes":""},"categories":[9599],"tags":[1111,11,1777,674,1011,27,2208,12,2680,25],"class_list":{"0":"post-638490","1":"post","2":"type-post","3":"status-publish","4":"format-standard","5":"has-post-thumbnail","7":"category-montpellier","8":"tag-actu","9":"tag-actualites","10":"tag-eu","11":"tag-europe","12":"tag-fr","13":"tag-france","14":"tag-montpellier","15":"tag-news","16":"tag-occitanie","17":"tag-republique-francaise"},"share_on_mastodon":{"url":"https:\/\/pubeurope.com\/@fr\/115831741059727152","error":""},"_links":{"self":[{"href":"https:\/\/www.europesays.com\/fr\/wp-json\/wp\/v2\/posts\/638490","targetHints":{"allow":["GET"]}}],"collection":[{"href":"https:\/\/www.europesays.com\/fr\/wp-json\/wp\/v2\/posts"}],"about":[{"href":"https:\/\/www.europesays.com\/fr\/wp-json\/wp\/v2\/types\/post"}],"author":[{"embeddable":true,"href":"https:\/\/www.europesays.com\/fr\/wp-json\/wp\/v2\/users\/2"}],"replies":[{"embeddable":true,"href":"https:\/\/www.europesays.com\/fr\/wp-json\/wp\/v2\/comments?post=638490"}],"version-history":[{"count":0,"href":"https:\/\/www.europesays.com\/fr\/wp-json\/wp\/v2\/posts\/638490\/revisions"}],"wp:featuredmedia":[{"embeddable":true,"href":"https:\/\/www.europesays.com\/fr\/wp-json\/wp\/v2\/media\/638386"}],"wp:attachment":[{"href":"https:\/\/www.europesays.com\/fr\/wp-json\/wp\/v2\/media?parent=638490"}],"wp:term":[{"taxonomy":"category","embeddable":true,"href":"https:\/\/www.europesays.com\/fr\/wp-json\/wp\/v2\/categories?post=638490"},{"taxonomy":"post_tag","embeddable":true,"href":"https:\/\/www.europesays.com\/fr\/wp-json\/wp\/v2\/tags?post=638490"}],"curies":[{"name":"wp","href":"https:\/\/api.w.org\/{rel}","templated":true}]}}