{"id":638497,"date":"2026-01-03T14:59:13","date_gmt":"2026-01-03T14:59:13","guid":{"rendered":"https:\/\/www.europesays.com\/fr\/638497\/"},"modified":"2026-01-03T14:59:13","modified_gmt":"2026-01-03T14:59:13","slug":"beye-la-frustre-il-va-passer-ses-nerfs-en-ligue-2","status":"publish","type":"post","link":"https:\/\/www.europesays.com\/fr\/638497\/","title":{"rendered":"Beye l\u2019a frustr\u00e9, il va passer ses nerfs en Ligue 2"},"content":{"rendered":"<p><b>En manque de temps de jeu cette saison, Mahamadou Nagida pr\u00e9f\u00e8re quitter le Stade Rennais. Le lat\u00e9ral gauche esp\u00e8re s\u2019aguerrir pendant un pr\u00eat en deuxi\u00e8me partie de saison. \u00c7a tombe bien, un candidat \u00e0 la mont\u00e9e en Ligue 1 s\u2019est manifest\u00e9 pour accueillir le Camerounais.<\/b><\/p>\n<p>Habib Beye a encore rappel\u00e9 sa grande priorit\u00e9. Durant ce <a href=\"https:\/\/www.foot01.com\/mercato\" title=\"Mercato\" target=\"_blank\" rel=\"noopener\">mercato<\/a> hivernal, l\u2019entra\u00eeneur du <a href=\"https:\/\/www.foot01.com\/equipe\/rennes\/\" target=\"_blank\" rel=\"noopener\">Stade Rennais<\/a> demande la signature d\u2019un \u00ab joueur cr\u00e9ateur, offensif, qui pourrait jouer axe ou c\u00f4t\u00e9, pour nous amener un peu plus de capacit\u00e9 d\u2019\u00e9limination par le dribble notamment face \u00e0 des blocs bas \u00bb. La direction a not\u00e9 ses crit\u00e8res et cherche la perle rare, sans oublier de pousser les ind\u00e9sirables vers la sortie.<\/p>\n<p>En plus du Danois Albert Gr\u00f8nb\u00e6k, que le club breton refuse de r\u00e9cup\u00e9rer alors que le Genoa souhaite casser son pr\u00eat, les dirigeants rennais doivent trouver une porte de sortie au Finlandais Glen Kamara et \u00e0 Mahamadou Nagida. En ce qui concerne le lat\u00e9ral gauche de 20 ans, l\u2019id\u00e9e n\u2019est pas de s\u2019en d\u00e9barrasser de mani\u00e8re d\u00e9finitive. Rennes privil\u00e9gie un pr\u00eat sans option d\u2019achat de son joueur sous contrat jusqu\u2019en 2029. Une occasion \u00e0 saisir pour Le Mans. Selon les informations r\u00e9colt\u00e9es par Africafoot, le quatri\u00e8me de Ligue 2 \u00e0 mi-saison a entam\u00e9 des n\u00e9gociations pour accueillir le Rennais en pr\u00eat jusqu\u2019au terme de l\u2019exercice.<\/p>\n<p>L\u2019op\u00e9ration ne devrait pas d\u00e9plaire \u00e0 Mahamadou Nagida qui, d\u2019apr\u00e8s nos confr\u00e8res, a manifest\u00e9 son envie de jouer davantage. Il faut dire que l\u2019international camerounais, qui dispute actuellement la Coupe d\u2019Afrique des Nations au Maroc, ne compte que cinq apparitions avec les Rouge et Noir cette saison, pour un total de 83 minutes de jeu. Le lat\u00e9ral gauche subit la concurrence de Quentin Merlin et surtout celle de Musa Al-Tamari qui donne satisfaction dans un r\u00f4le de piston. Cantonn\u00e9 au banc depuis le 29 octobre, Mahamadou Nagida aura l\u2019opportunit\u00e9 de r\u00e9pondre \u00e0 Habib Beye sur le terrain.<\/p>\n","protected":false},"excerpt":{"rendered":"En manque de temps de jeu cette saison, Mahamadou Nagida pr\u00e9f\u00e8re quitter le Stade Rennais. Le lat\u00e9ral gauche&hellip;\n","protected":false},"author":2,"featured_media":638498,"comment_status":"","ping_status":"","sticky":false,"template":"","format":"standard","meta":{"footnotes":""},"categories":[2821],"tags":[1111,11,829,1777,674,1011,27,1434,12,584,25],"class_list":{"0":"post-638497","1":"post","2":"type-post","3":"status-publish","4":"format-standard","5":"has-post-thumbnail","7":"category-rennes","8":"tag-actu","9":"tag-actualites","10":"tag-bretagne","11":"tag-eu","12":"tag-europe","13":"tag-fr","14":"tag-france","15":"tag-mercato","16":"tag-news","17":"tag-rennes","18":"tag-republique-francaise"},"share_on_mastodon":{"url":"https:\/\/pubeurope.com\/@fr\/115831764640634733","error":""},"_links":{"self":[{"href":"https:\/\/www.europesays.com\/fr\/wp-json\/wp\/v2\/posts\/638497","targetHints":{"allow":["GET"]}}],"collection":[{"href":"https:\/\/www.europesays.com\/fr\/wp-json\/wp\/v2\/posts"}],"about":[{"href":"https:\/\/www.europesays.com\/fr\/wp-json\/wp\/v2\/types\/post"}],"author":[{"embeddable":true,"href":"https:\/\/www.europesays.com\/fr\/wp-json\/wp\/v2\/users\/2"}],"replies":[{"embeddable":true,"href":"https:\/\/www.europesays.com\/fr\/wp-json\/wp\/v2\/comments?post=638497"}],"version-history":[{"count":0,"href":"https:\/\/www.europesays.com\/fr\/wp-json\/wp\/v2\/posts\/638497\/revisions"}],"wp:featuredmedia":[{"embeddable":true,"href":"https:\/\/www.europesays.com\/fr\/wp-json\/wp\/v2\/media\/638498"}],"wp:attachment":[{"href":"https:\/\/www.europesays.com\/fr\/wp-json\/wp\/v2\/media?parent=638497"}],"wp:term":[{"taxonomy":"category","embeddable":true,"href":"https:\/\/www.europesays.com\/fr\/wp-json\/wp\/v2\/categories?post=638497"},{"taxonomy":"post_tag","embeddable":true,"href":"https:\/\/www.europesays.com\/fr\/wp-json\/wp\/v2\/tags?post=638497"}],"curies":[{"name":"wp","href":"https:\/\/api.w.org\/{rel}","templated":true}]}}