{"id":638499,"date":"2026-01-03T15:00:13","date_gmt":"2026-01-03T15:00:13","guid":{"rendered":"https:\/\/www.europesays.com\/fr\/638499\/"},"modified":"2026-01-03T15:00:13","modified_gmt":"2026-01-03T15:00:13","slug":"sarrebourg-concert-du-nouvel-an-avec-la-philharmonie-de-strasbourg-debut-janvier","status":"publish","type":"post","link":"https:\/\/www.europesays.com\/fr\/638499\/","title":{"rendered":"Sarrebourg. Concert du Nouvel An\u00a0avec la Philharmonie de Strasbourg d\u00e9but janvier"},"content":{"rendered":"<p>Le conservatoire de musique de Sarrebourg organise le concert du Nouvel An et invite la Philharmonie de Strasbourg \u00e0 se produire \u00e0 la salle des f\u00eates samedi 10\u00a0janvier \u00e0 20\u00a0h\u00a030.<\/p>\n<p>L\u2019orchestre, dirig\u00e9 par R\u00e9my Abraham et compos\u00e9 d\u2019une soixantaine de musiciens amateurs et professionnels, tous b\u00e9n\u00e9voles, propose, \u00e0 c\u00f4t\u00e9 du grand r\u00e9pertoire, de faire d\u00e9couvrir des \u0153uvres rares et originales.<\/p>\n<p>La Philharmonie est une formation symphonique qui s\u2019attache \u00e0 rapprocher un public de m\u00e9lomanes int\u00e9ress\u00e9s par la musique symphonique sous tous ses aspects, et des instrumentistes enthousiastes qui joignent leurs efforts au service d\u2019une programmation exigeante, originale et attractive.<\/p>\n<p class=\"note\">Tarifs\u00a0: 20\u00a0\u20ac, 15\u00a0\u20ac et 2\u00a0\u20ac. R\u00e9servations au conservatoire de musique de Sarrebourg ou au t\u00e9l.\u00a003\u00a087\u00a003\u00a005\u00a007, \u00e0 partir du lundi 5\u00a0janvier.<\/p>\n","protected":false},"excerpt":{"rendered":"Le conservatoire de musique de Sarrebourg organise le concert du Nouvel An et invite la Philharmonie de Strasbourg&hellip;\n","protected":false},"author":2,"featured_media":638500,"comment_status":"","ping_status":"","sticky":false,"template":"","format":"standard","meta":{"footnotes":""},"categories":[2820],"tags":[1111,11,1687,5327,1777,674,1011,27,775,873,12,25,5326,74568,640],"class_list":{"0":"post-638499","1":"post","2":"type-post","3":"status-publish","4":"format-standard","5":"has-post-thumbnail","7":"category-strasbourg","8":"tag-actu","9":"tag-actualites","10":"tag-culture-loisirs","11":"tag-edition-sarrebourg-chateau-salins","12":"tag-eu","13":"tag-europe","14":"tag-fr","15":"tag-france","16":"tag-grand-est","17":"tag-musique","18":"tag-news","19":"tag-republique-francaise","20":"tag-sarrebourg","21":"tag-sarrebourg-ville-57c","22":"tag-strasbourg"},"share_on_mastodon":{"url":"https:\/\/pubeurope.com\/@fr\/115831768654996360","error":""},"_links":{"self":[{"href":"https:\/\/www.europesays.com\/fr\/wp-json\/wp\/v2\/posts\/638499","targetHints":{"allow":["GET"]}}],"collection":[{"href":"https:\/\/www.europesays.com\/fr\/wp-json\/wp\/v2\/posts"}],"about":[{"href":"https:\/\/www.europesays.com\/fr\/wp-json\/wp\/v2\/types\/post"}],"author":[{"embeddable":true,"href":"https:\/\/www.europesays.com\/fr\/wp-json\/wp\/v2\/users\/2"}],"replies":[{"embeddable":true,"href":"https:\/\/www.europesays.com\/fr\/wp-json\/wp\/v2\/comments?post=638499"}],"version-history":[{"count":0,"href":"https:\/\/www.europesays.com\/fr\/wp-json\/wp\/v2\/posts\/638499\/revisions"}],"wp:featuredmedia":[{"embeddable":true,"href":"https:\/\/www.europesays.com\/fr\/wp-json\/wp\/v2\/media\/638500"}],"wp:attachment":[{"href":"https:\/\/www.europesays.com\/fr\/wp-json\/wp\/v2\/media?parent=638499"}],"wp:term":[{"taxonomy":"category","embeddable":true,"href":"https:\/\/www.europesays.com\/fr\/wp-json\/wp\/v2\/categories?post=638499"},{"taxonomy":"post_tag","embeddable":true,"href":"https:\/\/www.europesays.com\/fr\/wp-json\/wp\/v2\/tags?post=638499"}],"curies":[{"name":"wp","href":"https:\/\/api.w.org\/{rel}","templated":true}]}}