{"id":638501,"date":"2026-01-03T15:01:13","date_gmt":"2026-01-03T15:01:13","guid":{"rendered":"https:\/\/www.europesays.com\/fr\/638501\/"},"modified":"2026-01-03T15:01:13","modified_gmt":"2026-01-03T15:01:13","slug":"strasbourg-previsions-meteo-du-samedi-03-janvier-2026","status":"publish","type":"post","link":"https:\/\/www.europesays.com\/fr\/638501\/","title":{"rendered":"Strasbourg : pr\u00e9visions m\u00e9t\u00e9o du samedi 03 janvier 2026"},"content":{"rendered":"<p>\u00c0 Strasbourg, samedi 03 janvier 2026, le temps reste froid avec des temp\u00e9ratures proches de z\u00e9ro et un ciel \u00e9voluant de d\u00e9gag\u00e9 \u00e0 tr\u00e8s nuageux. Quelques flocons de neige sont attendus en milieu de journ\u00e9e, renfor\u00e7ant la vigilance grand froid et neige.<\/p>\n<p>    Alerte en cours<\/p>\n<p>\nLe Bas-Rhin est plac\u00e9 en vigilance <b>Jaune Grand froid<\/b> et <b>Jaune Neige\u2009\/\u2009Verglas<\/b> depuis 00\u2009h. Aucun ph\u00e9nom\u00e8ne exceptionnel n\u2019est signal\u00e9, mais les conditions restent localement dangereuses\u2009: chauss\u00e9es glissantes, refroidissement rapide du corps, visibilit\u00e9 parfois r\u00e9duite par les flocons.\n<\/p>\n<p>\nLa prudence s\u2019impose\u2009: limitez les d\u00e9placements non essentiels, prot\u00e9gez les personnes fragiles, v\u00e9rifiez vos pneus et le niveau de liquide de refroidissement. Tous les d\u00e9tails sont disponibles sur notre <a href=\"https:\/\/www.meteocity.com\/france\/alertes\" target=\"_blank\" rel=\"noopener\">page d\u00e9di\u00e9e aux alertes m\u00e9t\u00e9orologiques<\/a>.\n<\/p>\n<p>Matin\u2009: fra\u00eecheur vive au lever du soleil<\/p>\n<p>\nLe soleil se l\u00e8ve \u00e0 08\u2009h\u200921 sous un <b>ciel d\u00e9gag\u00e9<\/b>. \u00c0 09\u2009h, le thermom\u00e8tre affiche <b>-2 \u00b0C<\/b>, mais le ressenti chute \u00e0 <b>-5 \u00b0C<\/b> en raison d\u2019une petite brise de 10 km\/h orient\u00e9e sud-sud-ouest.\n<\/p>\n<p>\nAvec une humidit\u00e9 \u00e9lev\u00e9e (85 %) et une pression de 1\u2009010 hPa, la sensation de froid s\u2019accentue. Mieux vaut privil\u00e9gier gants et bonnet avant de sortir, d\u2019autant que des plaques de givre peuvent persister sur les chauss\u00e9es ombrag\u00e9es.\n<\/p>\n<p>Apr\u00e8s-midi\u2009: quelques flocons attendus<\/p>\n<p>\nAux alentours de 15\u2009h, le mercure remonte l\u00e9g\u00e8rement pour atteindre <b>1 \u00b0C<\/b>. Le ressenti reste n\u00e9gatif (-4 \u00b0C) car le vent de sud-ouest se renforce un peu, autour de 15 km\/h. L\u2019humidit\u00e9 demeure forte \u00e0 83 %.\n<\/p>\n<p>\nDes \u00e9pisodes de <b>neige faible<\/b> sont probables (risque 45 %). Les pr\u00e9cipitations annonc\u00e9es restent anecdotiques, mais un fin voile blanc pourrait blanchir toits et pare-brise. Il est conseill\u00e9 de garder un grattoir dans la voiture.\n<\/p>\n<p>\nLes amateurs de randonn\u00e9e hivernale \u00e9viteront les longues sorties\u2009: le sol reste glissant et la lumi\u00e8re d\u00e9cline rapidement en seconde partie d\u2019apr\u00e8s-midi. Pour les plus frileux, un chocolat chaud en centre-ville sera l\u2019option la plus s\u00fbre.\n<\/p>\n<p>Soir\u2009: retour des nuages avant la nuit<\/p>\n<p>\nLe soleil se couche t\u00f4t, \u00e0 16\u2009h\u200945, laissant place \u00e0 un ciel <b>tr\u00e8s nuageux<\/b>. \u00c0 21\u2009h, la temp\u00e9rature redescend \u00e0 <b>-1 \u00b0C<\/b>, ressenti <b>-5 \u00b0C<\/b>. Le vent faiblit (7 km\/h), mais l\u2019atmosph\u00e8re reste humide (85 %).\n<\/p>\n<p>\nAucune pr\u00e9cipitation notable n\u2019est pr\u00e9vue, toutefois le refroidissement nocturne favorisera la formation de verglas sur trottoirs et pistes cyclables. On adopte une d\u00e9marche courte pour \u00e9viter les chutes et on veille \u00e0 bien couvrir les compteurs d\u2019eau ext\u00e9rieurs.\n<\/p>\n<p>Tendance g\u00e9n\u00e9rale pour demain<\/p>\n<p>\nLe 4 janvier devrait conserver une signature hivernale. Pr\u00e9visions de la journ\u00e9e\u2009: <b>-3 \u00b0C<\/b> \u00e0 l\u2019aube, <b>0 \u00b0C<\/b> l\u2019apr\u00e8s-midi, ciel tr\u00e8s nuageux. Le ressenti oscillera entre \u20117 \u00b0C et \u20113 \u00b0C, vent faible (11 km\/h) de sud-sud-ouest.\n<\/p>\n<p>\nAucune pr\u00e9cipitation significative n\u2019est attendue et l\u2019humidit\u00e9 s\u2019\u00e9tablira \u00e0 77 %. La nuit suivante, le ciel deviendra variable et le mercure replongera \u00e0 <b>-3 \u00b0C<\/b>. Une atmosph\u00e8re froide mais calme, propice au patinage sur les \u00e9tangs surveill\u00e9s.\n<\/p>\n<p>\nPour planifier vos prochaines sorties ou r\u00e9server une visite de la Petite France, consultez <a href=\"https:\/\/www.meteocity.com\/france\/strasbourg-v2973783\/tourisme\" target=\"_blank\" rel=\"noopener\">notre page tourisme<\/a>.<\/p>\n","protected":false},"excerpt":{"rendered":"\u00c0 Strasbourg, samedi 03 janvier 2026, le temps reste froid avec des temp\u00e9ratures proches de z\u00e9ro et un&hellip;\n","protected":false},"author":2,"featured_media":638502,"comment_status":"","ping_status":"","sticky":false,"template":"","format":"standard","meta":{"footnotes":""},"categories":[2820],"tags":[1111,11,1777,674,1011,27,775,12,25,640],"class_list":{"0":"post-638501","1":"post","2":"type-post","3":"status-publish","4":"format-standard","5":"has-post-thumbnail","7":"category-strasbourg","8":"tag-actu","9":"tag-actualites","10":"tag-eu","11":"tag-europe","12":"tag-fr","13":"tag-france","14":"tag-grand-est","15":"tag-news","16":"tag-republique-francaise","17":"tag-strasbourg"},"share_on_mastodon":{"url":"https:\/\/pubeurope.com\/@fr\/115831772556039435","error":""},"_links":{"self":[{"href":"https:\/\/www.europesays.com\/fr\/wp-json\/wp\/v2\/posts\/638501","targetHints":{"allow":["GET"]}}],"collection":[{"href":"https:\/\/www.europesays.com\/fr\/wp-json\/wp\/v2\/posts"}],"about":[{"href":"https:\/\/www.europesays.com\/fr\/wp-json\/wp\/v2\/types\/post"}],"author":[{"embeddable":true,"href":"https:\/\/www.europesays.com\/fr\/wp-json\/wp\/v2\/users\/2"}],"replies":[{"embeddable":true,"href":"https:\/\/www.europesays.com\/fr\/wp-json\/wp\/v2\/comments?post=638501"}],"version-history":[{"count":0,"href":"https:\/\/www.europesays.com\/fr\/wp-json\/wp\/v2\/posts\/638501\/revisions"}],"wp:featuredmedia":[{"embeddable":true,"href":"https:\/\/www.europesays.com\/fr\/wp-json\/wp\/v2\/media\/638502"}],"wp:attachment":[{"href":"https:\/\/www.europesays.com\/fr\/wp-json\/wp\/v2\/media?parent=638501"}],"wp:term":[{"taxonomy":"category","embeddable":true,"href":"https:\/\/www.europesays.com\/fr\/wp-json\/wp\/v2\/categories?post=638501"},{"taxonomy":"post_tag","embeddable":true,"href":"https:\/\/www.europesays.com\/fr\/wp-json\/wp\/v2\/tags?post=638501"}],"curies":[{"name":"wp","href":"https:\/\/api.w.org\/{rel}","templated":true}]}}