{"id":638508,"date":"2026-01-03T15:07:13","date_gmt":"2026-01-03T15:07:13","guid":{"rendered":"https:\/\/www.europesays.com\/fr\/638508\/"},"modified":"2026-01-03T15:07:13","modified_gmt":"2026-01-03T15:07:13","slug":"decouvrez-les-perles-de-la-justice-a-bordeaux-en-2025","status":"publish","type":"post","link":"https:\/\/www.europesays.com\/fr\/638508\/","title":{"rendered":"d\u00e9couvrez les perles de la justice \u00e0 Bordeaux en 2025"},"content":{"rendered":"<p>1 Paroles de pr\u00e9venus<\/p>\n<p>En comparution imm\u00e9diate, les personnes jug\u00e9es doivent donner leur accord pour une audience imm\u00e9diate, sinon elles peuvent obtenir un d\u00e9lai de droit. Alors que le pr\u00e9sident demande \u00e0 ce pr\u00e9venu s\u2019il veut \u00eatre jug\u00e9 aujourd\u2019hui, il r\u00e9pond\u00a0: \u00ab\u00a0Oui oui, mettez-moi ma peine tout&#8230;<\/p>\n<p>1 Paroles de pr\u00e9venus<\/p>\n<p>En comparution imm\u00e9diate, les personnes jug\u00e9es doivent donner leur accord pour une audience imm\u00e9diate, sinon elles peuvent obtenir un d\u00e9lai de droit. Alors que le pr\u00e9sident demande \u00e0 ce pr\u00e9venu s\u2019il veut \u00eatre jug\u00e9 aujourd\u2019hui, il r\u00e9pond\u00a0: \u00ab\u00a0Oui oui, mettez-moi ma peine tout de suite\u00a0!\u00a0\u00bb<\/p>\n<p>Certains condamn\u00e9s ne comprennent pas vraiment les rouages de la justice. \u00ab\u00a0Vous avez compris le jugement\u00a0?\u00a0\u00bb demande le pr\u00e9sident \u00e0 un pr\u00e9venu qui r\u00e9pond non. \u00ab\u00a0Eh bien vous partez en prison pour deux ans.\u00a0\u00bb L\u2019interlocuteur de r\u00e9pondre\u00a0: \u00ab\u00a0Ah non, je dis non\u00a0!\u00a0\u00bb Le pr\u00e9sident l\u2019informe que ce n\u2019est pas lui qui choisit sa peine\u2026<\/p>\n<p>Il compara\u00eet pour p\u00e9dod\u00e9linquance en r\u00e9cidive. \u00ab\u00a0Vous avez fait quoi pour calmer vos pulsions avec les mineurs\u00a0?\u00a0\u00bb s\u2019inqui\u00e8te le pr\u00e9sident. \u00ab\u00a0Je me suis inscrit \u00e0 un club de tarots, comme \u00e7a je suis avec des gens \u00e2g\u00e9s\u00a0\u00bb, formule le pr\u00e9venu tr\u00e8s s\u00e9rieusement.<\/p>\n<p>Celui-l\u00e0 est accus\u00e9 de harc\u00e8lement sous l\u2019effet de substances. \u00ab\u00a0Vous prenez de la drogue\u00a0?\u00a0\u00bb demande un juge. \u00ab\u00a0Seulement de l\u2019ecstasy, pour me calmer\u00a0\u00bb, objecte-t-il sans comprendre l\u2019incongruit\u00e9 de son propos\u2026<\/p>\n<p>On juge un homme pour des agressions dans la rue. Mais il ne se souvient de rien car il \u00e9tait sous l\u2019emprise d\u2019un anxiolytique ultrapuissant. \u00ab\u00a0J\u2019en prenais comme des pipas\u00a0\u00bb, croit-il bon de pr\u00e9ciser\u00a0!<\/p>\n<p>2 Des magistrats drolatiques<\/p>\n<p>Un homme retrouv\u00e9 avec 50\u00a0000\u00a0euros en liquide est suspect\u00e9 d\u2019une tentative d\u2019enl\u00e8vement sur fond de trafic de stup\u00e9fiants. Mais il nie. \u00ab\u00a0D\u2019accord, donc les rouleaux d\u2019adh\u00e9sif retrouv\u00e9 sur vous, c\u2019\u00e9tait pour des activit\u00e9s manuelles\u00a0?\u00a0\u00bb ironise le pr\u00e9sident.<\/p>\n<p>Une femme est accus\u00e9e de violences aggrav\u00e9es. Elle minimise\u00a0: \u00ab\u00a0C\u2019\u00e9tait pas si grave.\u00a0\u00bb Le pr\u00e9sident lui r\u00e9torque\u00a0: \u00ab\u00a0Vous avez quand m\u00eame fait la Une du journal \u00ab\u00a0Sud Ouest\u00a0\u00bb\u00a0!\u00a0\u00bb<\/p>\n<p>Ce cambrioleur a \u00e9t\u00e9 arr\u00eat\u00e9 dans un domicile avec trois couteaux sur lui, ce qui inqui\u00e8te le pr\u00e9sident. \u00ab\u00a0Oh, les couteaux, c\u2019est pour manger, \u00e7a va\u00a0!\u00a0\u00bb Le magistrat s\u2019\u00e9trangle\u00a0: \u00ab\u00a0Trois couteaux pour manger, \u00e7a fait beaucoup\u00a0!\u00a0\u00bb<\/p>\n<p>Marc Fritsch, avant de quitter la Gironde, fut un pr\u00e9sident d\u2019audience connu pour ses bons mots. En parlant de l\u2019origine d\u2019un d\u00e9linquant, il dit\u00a0: \u00ab\u00a0Vous venez du neuf cube\u00a0\u00bb. Une mani\u00e8re de parler du d\u00e9partement 93 dans le langage des jeunes des cit\u00e9s\u2026<\/p>\n<p>Le m\u00eame magistrat est menac\u00e9 par un individu qui vient d\u2019\u00eatre lourdement condamn\u00e9\u00a0: \u00ab\u00a0Je viendrai te voir personnellement\u00a0\u00bb, lui lance-t-il. Un complice est condamn\u00e9 \u00e0 une peine moindre et remercie le juge. \u00ab\u00a0Au moins, il y en a qui sont contents de la peine et qui ne menacent pas\u00a0!\u00a0\u00bb positive le juge\u2026<\/p>\n<p>Une victime affirme avoir \u00e9t\u00e9 rudement frapp\u00e9e par un inconnu\u00a0: \u00ab\u00a0Je n\u2019ai pas port\u00e9 de coup, je lui ai caress\u00e9 la nuque\u00a0\u00bb, se d\u00e9fend l\u2019homme jug\u00e9. \u00ab\u00a0Ah, vous \u00eates un sentimental alors\u00a0!\u00a0\u00bb ironise M. Fritsch.<\/p>\n<p>\u00ab\u00a0Regardez sur ChatGPT, ils disent que c\u2019est autoris\u00e9\u00a0\u00bb, se d\u00e9fend un homme accus\u00e9 d\u2019avoir consomm\u00e9 du protoxyde d\u2019azote. \u00ab\u00a0Alors moi, je regarde surtout le Code p\u00e9nal\u00a0\u00bb, r\u00e9torque la pr\u00e9sidente d\u2019audience.<\/p>\n<p>Un pr\u00e9sident lance un appel \u00e0 la salle pour qu\u2019un t\u00e9moin vienne \u00e0 la barre. La greffi\u00e8re indique qu\u2019il est mort. \u00ab\u00a0Oui, alors il ne risque pas de se pr\u00e9senter\u00a0\u00bb, ose le magistrat.<\/p>\n<p>Dans chaque proc\u00e8s, le suspect doit parler de sa personnalit\u00e9\u00a0: \u00ab\u00a0Je fais de super p\u00e2tes fra\u00eeches dans mon restaurant. Vous \u00eates invit\u00e9e, Madame la pr\u00e9sidente\u00a0\u00bb, sourit le pr\u00e9venu. \u00ab\u00a0Ah, je vais rajouter la tentative de corruption dans les charges\u00a0\u00bb, r\u00e9pond-elle.<\/p>\n<p>G\u00e9rard Pitti juge un cambrioleur pour 45 actes nocturnes. Celui-ci dit qu\u2019il ne recommencera pas car il a des ulc\u00e8res. \u00ab\u00a0Ah bein, il faut pas sortir la nuit, c\u2019est pas bon. \u00c7a peut vous faire des ulc\u00e8res de vous lever \u00e0 ces heures-l\u00e0\u00a0!\u00a0\u00bb pr\u00e9conise le juge.<\/p>\n<p>3 La verve des avocats<\/p>\n<p>Lors de son proc\u00e8s, cet homme donne des versions contradictoires, fantaisistes et absolument pas cr\u00e9dibles. Son avocate plaide avec lucidit\u00e9\u00a0: \u00ab\u00a0Oui, mon client est un cr\u00e9tin\u00a0!\u00a0\u00bb<\/p>\n<p>Dans une voiture, un parfum One Million a \u00e9t\u00e9 d\u00e9rob\u00e9 en fracturant la vitre\u00a0: \u00ab\u00a0Ce n\u2019est pas parce qu\u2019il a vol\u00e9 un One Million qu\u2019on doit avoir une peine \u00e0 One Million\u00a0\u00bb, plaide l\u2019avocat du voleur.<\/p>\n","protected":false},"excerpt":{"rendered":"1 Paroles de pr\u00e9venus En comparution imm\u00e9diate, les personnes jug\u00e9es doivent donner leur accord pour une audience imm\u00e9diate,&hellip;\n","protected":false},"author":2,"featured_media":638509,"comment_status":"","ping_status":"","sticky":false,"template":"","format":"standard","meta":{"footnotes":""},"categories":[2817],"tags":[1111,11,1997,1777,674,1011,27,12,2219,25],"class_list":{"0":"post-638508","1":"post","2":"type-post","3":"status-publish","4":"format-standard","5":"has-post-thumbnail","7":"category-bordeaux","8":"tag-actu","9":"tag-actualites","10":"tag-bordeaux","11":"tag-eu","12":"tag-europe","13":"tag-fr","14":"tag-france","15":"tag-news","16":"tag-nouvelle-aquitaine","17":"tag-republique-francaise"},"share_on_mastodon":{"url":"https:\/\/pubeurope.com\/@fr\/115831796154824055","error":""},"_links":{"self":[{"href":"https:\/\/www.europesays.com\/fr\/wp-json\/wp\/v2\/posts\/638508","targetHints":{"allow":["GET"]}}],"collection":[{"href":"https:\/\/www.europesays.com\/fr\/wp-json\/wp\/v2\/posts"}],"about":[{"href":"https:\/\/www.europesays.com\/fr\/wp-json\/wp\/v2\/types\/post"}],"author":[{"embeddable":true,"href":"https:\/\/www.europesays.com\/fr\/wp-json\/wp\/v2\/users\/2"}],"replies":[{"embeddable":true,"href":"https:\/\/www.europesays.com\/fr\/wp-json\/wp\/v2\/comments?post=638508"}],"version-history":[{"count":0,"href":"https:\/\/www.europesays.com\/fr\/wp-json\/wp\/v2\/posts\/638508\/revisions"}],"wp:featuredmedia":[{"embeddable":true,"href":"https:\/\/www.europesays.com\/fr\/wp-json\/wp\/v2\/media\/638509"}],"wp:attachment":[{"href":"https:\/\/www.europesays.com\/fr\/wp-json\/wp\/v2\/media?parent=638508"}],"wp:term":[{"taxonomy":"category","embeddable":true,"href":"https:\/\/www.europesays.com\/fr\/wp-json\/wp\/v2\/categories?post=638508"},{"taxonomy":"post_tag","embeddable":true,"href":"https:\/\/www.europesays.com\/fr\/wp-json\/wp\/v2\/tags?post=638508"}],"curies":[{"name":"wp","href":"https:\/\/api.w.org\/{rel}","templated":true}]}}