{"id":638514,"date":"2026-01-03T15:11:43","date_gmt":"2026-01-03T15:11:43","guid":{"rendered":"https:\/\/www.europesays.com\/fr\/638514\/"},"modified":"2026-01-03T15:11:43","modified_gmt":"2026-01-03T15:11:43","slug":"l1-j17-tout-savoir-sur-lille-rennes-sports","status":"publish","type":"post","link":"https:\/\/www.europesays.com\/fr\/638514\/","title":{"rendered":"L1 (J17) : Tout savoir sur Lille &#8211; Rennes : Sports"},"content":{"rendered":"<p class=\"date\">\n                                                            R\u00e9daction Media365, publi\u00e9 le samedi 03 janvier 2026 \u00e0 09h30\n                                                    <\/p>\n<p>Lille re\u00e7oit Rennes ce samedi soir (21h05) pour le compte de la 17e journ\u00e9e de Ligue 1. Voici tout ce qu&rsquo;il faut savoir sur cette rencontre.<\/p>\n<p>Apr\u00e8s avoir bien fini l&rsquo;ann\u00e9e 2025 en battant l&rsquo;Olympique de Marseille (1-0) et en s&rsquo;arrachant \u00e0 Auxerre (4-3), les joueurs de Bruno Genesio (4es, 32 points) tenteront de confirmer ce samedi soir \u00e0 domicile face \u00e0 un de leurs rivaux. Car, en face, apr\u00e8s un d\u00e9but de saison mitig\u00e9, les Bretons (6es, 27 points) se sont bien relanc\u00e9s et esp\u00e8rent d\u00e9sormais prouver qu&rsquo;ils sont \u00e0 leur place, \u00e0 la lutte pour les places europ\u00e9ennes. Ce duel s&rsquo;annonce donc int\u00e9ressant \u00e0 suivre entre deux \u00e9quipes ambitieuses.<\/p>\n<p>Les stats \u00e0 conna\u00eetre (avec Opta)<\/p>\n<p>Lille n&rsquo;a perdu aucun de ses 12 derniers matchs contre Rennes en Ligue 1 (6 victoires, 6 nuls), sa plus longue invincibilit\u00e9 en cours face \u00e0 une \u00e9quipe \u00e9voluant actuellement dans l&rsquo;\u00e9lite.<\/p>\n<p>Lille n&rsquo;a perdu que 6 % de ses r\u00e9ceptions de Rennes en Ligue 1 (3\/49, pour 27 victoires et 19 nuls), son meilleur ratio contre une \u00e9quipe re\u00e7ue au moins 20 fois.<\/p>\n<p>Lille reste sur quatre victoires de suite en Ligue 1, sa meilleure s\u00e9rie depuis janvier-f\u00e9vrier 2021 (6).<\/p>\n<p>Lille n&rsquo;a gagn\u00e9 qu&rsquo;un seul de ses six derniers matchs inauguraux d&rsquo;une ann\u00e9e civile en Ligue 1 (3 nuls, 2 d\u00e9faites).<\/p>\n<p>Rennes a remport\u00e9 cinq de ses six derniers matchs de Ligue 1 (1 d\u00e9faite), apr\u00e8s n&rsquo;avoir gagn\u00e9 aucun de ses six pr\u00e9c\u00e9dents (5 nuls, 1 d\u00e9faite).<\/p>\n<p>Lille a gagn\u00e9 chacun de ses quatre derniers matchs \u00e0 domicile en Ligue 1, mais n&rsquo;a plus fait mieux depuis une s\u00e9rie de sept victoires entre avril et septembre 2023.<\/p>\n<p>Rennes ne s&rsquo;est inclin\u00e9 que lors d&rsquo;un seul de ses sept derniers d\u00e9placements en Ligue 1 (2 victoires, 4 nuls), mais c&rsquo;\u00e9tait le plus r\u00e9cent au Parc des Princes le 6 d\u00e9cembre 2025 (0-5).<\/p>\n<p>Lille (51,5 %) et Rennes (51,9 %) sont deux des trois \u00e9quipes qui affichent le plus haut pourcentage de duels gagn\u00e9s en Ligue 1 cette saison, en compagnie de Lorient (51,6 %).<\/p>\n<p>Les huit derniers buts de Rennes en Ligue 1 ont \u00e9t\u00e9 inscrits par huit joueurs diff\u00e9rents : Abdelhamid Ait Boudlal, Mahdi Camara, Breel Embolo, Ludovic Blas, Valentin Rongier, Est\u00e9ban Lepaul, Mousa Al Tamari et Mohamed Me\u00eft\u00e9.<\/p>\n","protected":false},"excerpt":{"rendered":"R\u00e9daction Media365, publi\u00e9 le samedi 03 janvier 2026 \u00e0 09h30 Lille re\u00e7oit Rennes ce samedi soir (21h05) pour&hellip;\n","protected":false},"author":2,"featured_media":638515,"comment_status":"","ping_status":"","sticky":false,"template":"","format":"standard","meta":{"footnotes":""},"categories":[2815],"tags":[1111,11,1777,674,1011,27,811,1307,12,25],"class_list":{"0":"post-638514","1":"post","2":"type-post","3":"status-publish","4":"format-standard","5":"has-post-thumbnail","7":"category-lille","8":"tag-actu","9":"tag-actualites","10":"tag-eu","11":"tag-europe","12":"tag-fr","13":"tag-france","14":"tag-hauts-de-france","15":"tag-lille","16":"tag-news","17":"tag-republique-francaise"},"share_on_mastodon":{"url":"https:\/\/pubeurope.com\/@fr\/115831811842108046","error":""},"_links":{"self":[{"href":"https:\/\/www.europesays.com\/fr\/wp-json\/wp\/v2\/posts\/638514","targetHints":{"allow":["GET"]}}],"collection":[{"href":"https:\/\/www.europesays.com\/fr\/wp-json\/wp\/v2\/posts"}],"about":[{"href":"https:\/\/www.europesays.com\/fr\/wp-json\/wp\/v2\/types\/post"}],"author":[{"embeddable":true,"href":"https:\/\/www.europesays.com\/fr\/wp-json\/wp\/v2\/users\/2"}],"replies":[{"embeddable":true,"href":"https:\/\/www.europesays.com\/fr\/wp-json\/wp\/v2\/comments?post=638514"}],"version-history":[{"count":0,"href":"https:\/\/www.europesays.com\/fr\/wp-json\/wp\/v2\/posts\/638514\/revisions"}],"wp:featuredmedia":[{"embeddable":true,"href":"https:\/\/www.europesays.com\/fr\/wp-json\/wp\/v2\/media\/638515"}],"wp:attachment":[{"href":"https:\/\/www.europesays.com\/fr\/wp-json\/wp\/v2\/media?parent=638514"}],"wp:term":[{"taxonomy":"category","embeddable":true,"href":"https:\/\/www.europesays.com\/fr\/wp-json\/wp\/v2\/categories?post=638514"},{"taxonomy":"post_tag","embeddable":true,"href":"https:\/\/www.europesays.com\/fr\/wp-json\/wp\/v2\/tags?post=638514"}],"curies":[{"name":"wp","href":"https:\/\/api.w.org\/{rel}","templated":true}]}}