{"id":63852,"date":"2025-04-30T07:54:08","date_gmt":"2025-04-30T07:54:08","guid":{"rendered":"https:\/\/www.europesays.com\/fr\/63852\/"},"modified":"2025-04-30T07:54:08","modified_gmt":"2025-04-30T07:54:08","slug":"a-toulon-un-nouveau-chapitre-pour-la-librairie-le-carre-des-mots-qui-change-dadresse-et-se-diversifie","status":"publish","type":"post","link":"https:\/\/www.europesays.com\/fr\/63852\/","title":{"rendered":"A Toulon, un nouveau chapitre pour la librairie Le Carr\u00e9 des mots qui change d&rsquo;adresse et se diversifie"},"content":{"rendered":"<p>En l\u2019espace de deux jours, il a fallu transporter des centaines de livres, des \u00e9tag\u00e8res, un comptoir, des tables\u2026 Une sacr\u00e9e aventure que Rapha\u00ebl Riva et toute l\u2019\u00e9quipe du Carr\u00e9 des mots ont v\u00e9cue. \u00ab\u00a0On n\u2019allait pas trop loin, alors \u00e7a allait. Et puis surtout on a \u00e9t\u00e9 beaucoup aid\u00e9 par des amis et m\u00eame par nos clients.\u00a0\u00bb Apr\u00e8s quelques jours dans ses nouveaux locaux de la rue d\u2019Alger, le libraire affiche d\u00e9j\u00e0 un large sourire. \u00ab\u00a0On est ravi. Non seulement on a gard\u00e9 nos habitu\u00e9s mais on voit arriver plein de nouvelles t\u00eates.\u00a0\u00bb<\/p>\n<p>C\u2019\u00e9tait l\u2019objectif en s\u2019installant dans l\u2019art\u00e8re principale du centre ancien: capter de nouveaux lecteurs. \u00ab\u00a0Nous avions besoin d\u2019\u00eatre plus visibles. C\u2019\u00e9tait une question de survie. Une librairie, c\u2019est un commerce et l\u2019emplacement est primordial.\u00a0\u00bb Et si Le Carr\u00e9 des mots a une solide client\u00e8le fid\u00e8le depuis quatorze ans, cela ne suffisait plus. \u00ab\u00a0Par rapport \u00e0 la rue Seillon, l\u2019axe de la rue d\u2019Alger nous para\u00eet beaucoup plus opportun. Nous touchons ainsi les Toulonnais mais pas seulement nous avons aussi ceux qui prennent le bateau depuis La Seyne ou Saint-Mandrier\u2026\u00a0\u00bb Rapha\u00ebl Riva lorgne \u00e9galement sur les touristes qui empruntent r\u00e9guli\u00e8rement la rue. \u00ab\u00a0C\u2019est un passage quasi oblig\u00e9, notamment pour les croisi\u00e9ristes.\u00a0\u00bb<\/p>\n<p>Toujours autant de place pour les livres<\/p>\n<p>Si, au premier abord, la librairie semble plus petite qu\u2019avant, il n\u2019en est rien! \u00ab\u00a0Certes, on perd quelques m\u00e8tres carr\u00e9s au sol. Mais nous avons autant de m\u00e8tres carr\u00e9s de lin\u00e9aires. Tous nos livres sont l\u00e0. Avant il y avait plus de vitrines, des petits recoins, c\u2019\u00e9tait finalement moins pratique\u00a0\u00bb, explique le commer\u00e7ant.<\/p>\n<p>Le nouveau local comporte \u00e9galement un \u00e9tage. Et c\u2019est l\u00e0 que Rapha\u00ebl Riva compte apporter une valeur ajout\u00e9e. \u00ab\u00a0Nous y installons une galerie dans laquelle nous exposerons Monsieur Z.\u00a0\u00bb Un espace convivial avec tables et comptoir pour d\u00e9guster un th\u00e9 ou un caf\u00e9 (et bouquiner bien s\u00fbr) est aussi en cours d\u2019am\u00e9nagement. \u00ab\u00a0C\u2019est ici que nous organisons nos s\u00e9ances de rencontres et d\u00e9dicaces avec les auteurs.\u00a0\u00bb<\/p>\n<p>Comme une nouvelle adresse, \u00e7a se f\u00eate, Le Carr\u00e9 des mots organise son inauguration fin mai avec une grosse surprise \u00e0 la cl\u00e9.<\/p>\n<p>&gt;Pratique Le Carr\u00e9 des mots, 12 rue d\u2019Alger. Ouvert du mardi au samedi de 10h \u00e0 18h30.<\/p>\n","protected":false},"excerpt":{"rendered":"En l\u2019espace de deux jours, il a fallu transporter des centaines de livres, des \u00e9tag\u00e8res, un comptoir, des&hellip;\n","protected":false},"author":2,"featured_media":63853,"comment_status":"","ping_status":"","sticky":false,"template":"","format":"standard","meta":{"footnotes":""},"categories":[9619],"tags":[1111,11,215,33,1777,674,1011,27,1351,12,882,25,2310],"class_list":{"0":"post-63852","1":"post","2":"type-post","3":"status-publish","4":"format-standard","5":"has-post-thumbnail","7":"category-toulon","8":"tag-actu","9":"tag-actualites","10":"tag-commerce","11":"tag-economie","12":"tag-eu","13":"tag-europe","14":"tag-fr","15":"tag-france","16":"tag-litterature","17":"tag-news","18":"tag-provence-alpes-cote-dazur","19":"tag-republique-francaise","20":"tag-toulon"},"share_on_mastodon":{"url":"https:\/\/pubeurope.com\/@fr\/114425840523905241","error":""},"_links":{"self":[{"href":"https:\/\/www.europesays.com\/fr\/wp-json\/wp\/v2\/posts\/63852","targetHints":{"allow":["GET"]}}],"collection":[{"href":"https:\/\/www.europesays.com\/fr\/wp-json\/wp\/v2\/posts"}],"about":[{"href":"https:\/\/www.europesays.com\/fr\/wp-json\/wp\/v2\/types\/post"}],"author":[{"embeddable":true,"href":"https:\/\/www.europesays.com\/fr\/wp-json\/wp\/v2\/users\/2"}],"replies":[{"embeddable":true,"href":"https:\/\/www.europesays.com\/fr\/wp-json\/wp\/v2\/comments?post=63852"}],"version-history":[{"count":0,"href":"https:\/\/www.europesays.com\/fr\/wp-json\/wp\/v2\/posts\/63852\/revisions"}],"wp:featuredmedia":[{"embeddable":true,"href":"https:\/\/www.europesays.com\/fr\/wp-json\/wp\/v2\/media\/63853"}],"wp:attachment":[{"href":"https:\/\/www.europesays.com\/fr\/wp-json\/wp\/v2\/media?parent=63852"}],"wp:term":[{"taxonomy":"category","embeddable":true,"href":"https:\/\/www.europesays.com\/fr\/wp-json\/wp\/v2\/categories?post=63852"},{"taxonomy":"post_tag","embeddable":true,"href":"https:\/\/www.europesays.com\/fr\/wp-json\/wp\/v2\/tags?post=63852"}],"curies":[{"name":"wp","href":"https:\/\/api.w.org\/{rel}","templated":true}]}}