{"id":638520,"date":"2026-01-03T15:14:14","date_gmt":"2026-01-03T15:14:14","guid":{"rendered":"https:\/\/www.europesays.com\/fr\/638520\/"},"modified":"2026-01-03T15:14:14","modified_gmt":"2026-01-03T15:14:14","slug":"rhone-un-chauffeur-de-camion-victime-dune-tentative-de-braquage-avant-noel-a-lest-de-lyon","status":"publish","type":"post","link":"https:\/\/www.europesays.com\/fr\/638520\/","title":{"rendered":"Rh\u00f4ne. Un chauffeur de camion victime d\u2019une tentative de braquage avant No\u00ebl \u00e0 l\u2019est de Lyon"},"content":{"rendered":"<p>Le chauffeur d\u2019un camion, transportant des t\u00e9l\u00e9phones, a \u00e9t\u00e9 victime d\u2019une tentative de braquage, dans la matin\u00e9e du 23\u00a0d\u00e9cembre, \u00e0 Saint-Laurent-de-Mure (Est lyonnais), a appris Le Progr\u00e8s.<\/p>\n<p>La victime, l\u00e9g\u00e8rement bless\u00e9e, a r\u00e9ussi \u00e0 prendre la fuite. Elle a \u00e9t\u00e9 bloqu\u00e9e par cinq individus, arm\u00e9s de marteaux, qui ont agi avec des v\u00e9hicules vol\u00e9s.<\/p>\n<p>  Pas d\u2019arme \u00e0 feu<\/p>\n<p>Une enqu\u00eate de gendarmerie est en cours, au sein de la brigade de recherches de Mions, pour identifier et interpeller les malfrats. Aucune arme \u00e0 feu n\u2019a \u00e9t\u00e9 exhib\u00e9e lors des \u00e9v\u00e9nements. Les constatations d\u2019usage, dont des expertises techniques et scientifiques, ont \u00e9t\u00e9 effectu\u00e9es sur les lieux de l\u2019infraction.<\/p>\n","protected":false},"excerpt":{"rendered":"Le chauffeur d\u2019un camion, transportant des t\u00e9l\u00e9phones, a \u00e9t\u00e9 victime d\u2019une tentative de braquage, dans la matin\u00e9e du&hellip;\n","protected":false},"author":2,"featured_media":638521,"comment_status":"","ping_status":"","sticky":false,"template":"","format":"standard","meta":{"footnotes":""},"categories":[1889],"tags":[1111,11,2430,271,272,3152,1777,674,274,107,1011,27,2428,12,25,2429,12498,23534],"class_list":{"0":"post-638520","1":"post","2":"type-post","3":"status-publish","4":"format-standard","5":"has-post-thumbnail","7":"category-lyon","8":"tag-actu","9":"tag-actualites","10":"tag-auvergne-rhone-alpes","11":"tag-crime","12":"tag-delit-et-contravention","13":"tag-edition-est-lyonnais","14":"tag-eu","15":"tag-europe","16":"tag-faits-divers-justice","17":"tag-fil-info","18":"tag-fr","19":"tag-france","20":"tag-lyon","21":"tag-news","22":"tag-republique-francaise","23":"tag-rhone","24":"tag-saint-laurent-de-mure","25":"tag-saint-laurent-de-mure-bassin"},"share_on_mastodon":{"url":"https:\/\/pubeurope.com\/@fr\/115831823594328114","error":""},"_links":{"self":[{"href":"https:\/\/www.europesays.com\/fr\/wp-json\/wp\/v2\/posts\/638520","targetHints":{"allow":["GET"]}}],"collection":[{"href":"https:\/\/www.europesays.com\/fr\/wp-json\/wp\/v2\/posts"}],"about":[{"href":"https:\/\/www.europesays.com\/fr\/wp-json\/wp\/v2\/types\/post"}],"author":[{"embeddable":true,"href":"https:\/\/www.europesays.com\/fr\/wp-json\/wp\/v2\/users\/2"}],"replies":[{"embeddable":true,"href":"https:\/\/www.europesays.com\/fr\/wp-json\/wp\/v2\/comments?post=638520"}],"version-history":[{"count":0,"href":"https:\/\/www.europesays.com\/fr\/wp-json\/wp\/v2\/posts\/638520\/revisions"}],"wp:featuredmedia":[{"embeddable":true,"href":"https:\/\/www.europesays.com\/fr\/wp-json\/wp\/v2\/media\/638521"}],"wp:attachment":[{"href":"https:\/\/www.europesays.com\/fr\/wp-json\/wp\/v2\/media?parent=638520"}],"wp:term":[{"taxonomy":"category","embeddable":true,"href":"https:\/\/www.europesays.com\/fr\/wp-json\/wp\/v2\/categories?post=638520"},{"taxonomy":"post_tag","embeddable":true,"href":"https:\/\/www.europesays.com\/fr\/wp-json\/wp\/v2\/tags?post=638520"}],"curies":[{"name":"wp","href":"https:\/\/api.w.org\/{rel}","templated":true}]}}