{"id":638522,"date":"2026-01-03T15:15:16","date_gmt":"2026-01-03T15:15:16","guid":{"rendered":"https:\/\/www.europesays.com\/fr\/638522\/"},"modified":"2026-01-03T15:15:16","modified_gmt":"2026-01-03T15:15:16","slug":"cest-la-destination-la-moins-chere-en-2026","status":"publish","type":"post","link":"https:\/\/www.europesays.com\/fr\/638522\/","title":{"rendered":"c\u2019est la destination la moins ch\u00e8re en 2026"},"content":{"rendered":"<p>Elle fait partie du top Skyscanner \u00e0 destination des Britanniques, la ville de Lyon est la destination la moins ch\u00e8re pour 2026, r\u00e9v\u00e8le <a href=\"https:\/\/www.dailymail.co.uk\/travel\/article-15406591\/cheapest-holiday-destination-2026-revealed.html\" target=\"_blank\" rel=\"noopener\"> le journal anglais Daily Mail<\/a>. L\u2019application qui compare les vols a men\u00e9 une enqu\u00eate avec OnePoll en novembre\u00a02025 aupr\u00e8s de 2\u00a0000 r\u00e9pondants pour identifier les endroits les plus attractifs \u00e9conomiquement.<\/p>\n<p>  Des vols vers Lyon \u00e0 partir de seulement 50\u00a0euros aller-retour<\/p>\n<p>Skyscanner a examin\u00e9 les vols aller-retour en classe \u00e9conomique r\u00e9serv\u00e9s entre le 1 er \u00a0janvier 2025 et le 31\u00a0octobre 2025 pour les voyages compris entre le 1 er \u00a0janvier et le 31\u00a0d\u00e9cembre 2026. R\u00e9sultat, la destination populaire est la ville de Lyon qui se d\u00e9marque de la capitale gr\u00e2ce \u00e0 son faible co\u00fbt de vol.<\/p>\n<p>La plateforme r\u00e9v\u00e8le des vols vers Lyon \u00e0 partir de seulement 44\u00a3 (50,51\u00a0euros) aller-retour en f\u00e9vrier. Les vols les plus chers atteignent les 105\u00a3 (120,54\u00a0euros). La deuxi\u00e8me place du podium revient \u00e0 la capitale de la mode Milan, en Italie avec des vols \u00e0 111\u00a3 (127,43 euros). En troisi\u00e8me position, Madrid, en Espagne avec des allers-retours \u00e0 114\u00a3 (130,87\u00a0euros).<\/p>\n<p>Lyon, la destination id\u00e9ale pour les gourmands risque d\u2019attirer de nombreux touristes anglais cette ann\u00e9e.<\/p>\n","protected":false},"excerpt":{"rendered":"Elle fait partie du top Skyscanner \u00e0 destination des Britanniques, la ville de Lyon est la destination la&hellip;\n","protected":false},"author":2,"featured_media":638523,"comment_status":"","ping_status":"","sticky":false,"template":"","format":"standard","meta":{"footnotes":""},"categories":[1889],"tags":[1111,11,2430,3542,2757,1777,674,107,1011,27,2428,2756,12,25,2429,2803],"class_list":{"0":"post-638522","1":"post","2":"type-post","3":"status-publish","4":"format-standard","5":"has-post-thumbnail","7":"category-lyon","8":"tag-actu","9":"tag-actualites","10":"tag-auvergne-rhone-alpes","11":"tag-circulation","12":"tag-edition-lyon-villeurbanne","13":"tag-eu","14":"tag-europe","15":"tag-fil-info","16":"tag-fr","17":"tag-france","18":"tag-lyon","19":"tag-lyon-bassin","20":"tag-news","21":"tag-republique-francaise","22":"tag-rhone","23":"tag-transport"},"share_on_mastodon":{"url":"https:\/\/pubeurope.com\/@fr\/115831827491625455","error":""},"_links":{"self":[{"href":"https:\/\/www.europesays.com\/fr\/wp-json\/wp\/v2\/posts\/638522","targetHints":{"allow":["GET"]}}],"collection":[{"href":"https:\/\/www.europesays.com\/fr\/wp-json\/wp\/v2\/posts"}],"about":[{"href":"https:\/\/www.europesays.com\/fr\/wp-json\/wp\/v2\/types\/post"}],"author":[{"embeddable":true,"href":"https:\/\/www.europesays.com\/fr\/wp-json\/wp\/v2\/users\/2"}],"replies":[{"embeddable":true,"href":"https:\/\/www.europesays.com\/fr\/wp-json\/wp\/v2\/comments?post=638522"}],"version-history":[{"count":0,"href":"https:\/\/www.europesays.com\/fr\/wp-json\/wp\/v2\/posts\/638522\/revisions"}],"wp:featuredmedia":[{"embeddable":true,"href":"https:\/\/www.europesays.com\/fr\/wp-json\/wp\/v2\/media\/638523"}],"wp:attachment":[{"href":"https:\/\/www.europesays.com\/fr\/wp-json\/wp\/v2\/media?parent=638522"}],"wp:term":[{"taxonomy":"category","embeddable":true,"href":"https:\/\/www.europesays.com\/fr\/wp-json\/wp\/v2\/categories?post=638522"},{"taxonomy":"post_tag","embeddable":true,"href":"https:\/\/www.europesays.com\/fr\/wp-json\/wp\/v2\/tags?post=638522"}],"curies":[{"name":"wp","href":"https:\/\/api.w.org\/{rel}","templated":true}]}}