{"id":638528,"date":"2026-01-03T15:19:14","date_gmt":"2026-01-03T15:19:14","guid":{"rendered":"https:\/\/www.europesays.com\/fr\/638528\/"},"modified":"2026-01-03T15:19:14","modified_gmt":"2026-01-03T15:19:14","slug":"a-paris-et-ailleurs-les-images-des-premieres-neiges-de-2026-2","status":"publish","type":"post","link":"https:\/\/www.europesays.com\/fr\/638528\/","title":{"rendered":"\u00c0 Paris et ailleurs, les images des premi\u00e8res neiges de 2026"},"content":{"rendered":"<p class=\"mb-4 text-lg md:leading-8 break-words\">R\u00e9veil sous la neige pour les Parisiens ce samedi 3\u00a0janvier. Comme cela a \u00e9t\u00e9 partag\u00e9 sur les r\u00e9seaux sociaux, les rues et toits de la capitale \u00e9taient recouverts d\u2019une fine couche de <a href=\"https:\/\/fr.news.yahoo.com\/m%C3%A9t%C3%A9o-premiers-jours-2026-s-154240130.html\" data-ylk=\"slk:neige;elm:context_link;itc:0;sec:content-canvas;outcm:mb_qualified_link;_E:mb_qualified_link;ct:story;\" class=\"link  yahoo-link\" target=\"_blank\" rel=\"noopener\">neige<\/a> en tout d\u00e9but de matin\u00e9e (<strong>voir les images plus bas<\/strong>).<\/p>\n<p class=\"mb-4 text-lg md:leading-8 break-words\">Celle-ci a toutefois commenc\u00e9 \u00e0 fondre assez rapidement, notamment sur la chauss\u00e9e et les trottoirs.<\/p>\n<p class=\"mb-4 text-lg md:leading-8 break-words\"><a href=\"https:\/\/www.huffingtonpost.fr\/faire-un-don\" rel=\"nofollow noopener\" target=\"_blank\" data-ylk=\"slk:Faire un don d\u00e9fiscalis\u00e9 ponctuel ou r\u00e9gulier;elm:context_link;itc:0;sec:content-canvas\" class=\"link \"> Faire un don d\u00e9fiscalis\u00e9 ponctuel ou r\u00e9gulier <\/a><\/p>\n<p class=\"mb-4 text-lg md:leading-8 break-words\">Des flocons sont aussi tomb\u00e9s sur une partie de l\u2019\u00cele-de-France, et plus au nord, en Normandie et dans les Hauts-de-France.<\/p>\n<p class=\"mb-4 text-lg md:leading-8 break-words\">Si aucun d\u00e9partement n\u2019a \u00e9t\u00e9 plac\u00e9 en vigilance orange ce week-end, M\u00e9t\u00e9o-France a tout de m\u00eame activ\u00e9 la vigilance jaune neige-verglas pour une quarantaine de d\u00e9partements du nord du pays. Toute la partie est, le centre et les Alpes ont eux \u00e9t\u00e9 plac\u00e9s en vigilance jaune grand <a href=\"https:\/\/fr.news.yahoo.com\/nez-coule-peau-rouge-effets-122544465.html\" data-ylk=\"slk:froid;elm:context_link;itc:0;sec:content-canvas;outcm:mb_qualified_link;_E:mb_qualified_link;ct:story;\" class=\"link  yahoo-link\" target=\"_blank\" rel=\"noopener\">froid<\/a>.<\/p>\n<p class=\"mb-4 text-lg md:leading-8 break-words\">En fin de journ\u00e9e ce samedi et en d\u00e9but de nuit, d\u2019autres chutes de neige sont attendues en Normandie, dans les Hauts-de-France et en \u00cele-de-France, <a href=\"https:\/\/www.bfmtv.com\/meteo\/neige\/neige-les-images-des-flocons-tombes-a-paris-en-normandie-et-dans-le-nord_AN-202601030126.html\" rel=\"nofollow noopener\" target=\"_blank\" data-ylk=\"slk:note BFMTV;elm:context_link;itc:0;sec:content-canvas\" class=\"link \">note BFMTV<\/a>.<\/p>\n<p class=\"mb-4 text-lg md:leading-8 break-words\">Pour ce premier week-end de l\u2019ann\u00e9e, M\u00e9t\u00e9o-France <a href=\"https:\/\/fr.news.yahoo.com\/m%C3%A9t%C3%A9o-sera-glaciale-premier-week-160219977.html\" data-ylk=\"slk:avait annonc\u00e9 des temp\u00e9ratures glaciales;elm:context_link;itc:0;sec:content-canvas;outcm:mb_qualified_link;_E:mb_qualified_link;ct:story;\" class=\"link  yahoo-link\" target=\"_blank\" rel=\"noopener\">avait annonc\u00e9 des temp\u00e9ratures glaciales<\/a>. D\u00e9j\u00e0 bien en dessous des normales de saison ces derniers jours, celles-ci continuent de chuter. On attend ainsi 1\u00a0\u00b0C \u00e0 Lille et \u00e0 Paris ce dimanche matin, 0\u00a0\u00b0C \u00e0 Toulouse, Nantes et Rennes, et jusqu\u2019\u00e0 \u2013 4\u00a0\u00b0C \u00e0 Belfort ou Aurillac.<\/p>\n<p class=\"mb-4 text-lg md:leading-8 break-words\"><a href=\"https:\/\/fr.news.yahoo.com\/froid-marcher-remplacez-trajets-%C3%A0-111845672.html\" data-ylk=\"slk:Vous avez trop froid pour marcher\u00a0? Remplacez les trajets \u00e0 pied par ces petits exercices;elm:context_link;itc:0;sec:content-canvas;outcm:mb_qualified_link;_E:mb_qualified_link;ct:story;\" class=\"link  yahoo-link\" target=\"_blank\" rel=\"noopener\"> Vous avez trop froid pour marcher\u00a0? Remplacez les trajets \u00e0 pied par ces petits exercices <\/a><\/p>\n<p class=\"mb-4 text-lg md:leading-8 break-words\"><a href=\"https:\/\/fr.news.yahoo.com\/pleine-temp%C3%AAte-neige-new-york-180033466.html\" data-ylk=\"slk:En pleine temp\u00eate de neige, New York et Central Park se sont transform\u00e9s en paysage de film de No\u00ebl;elm:context_link;itc:0;sec:content-canvas;outcm:mb_qualified_link;_E:mb_qualified_link;ct:story;\" class=\"link  yahoo-link\" target=\"_blank\" rel=\"noopener\"> En pleine temp\u00eate de neige, New York et Central Park se sont transform\u00e9s en paysage de film de No\u00ebl <\/a><\/p>\n","protected":false},"excerpt":{"rendered":"R\u00e9veil sous la neige pour les Parisiens ce samedi 3\u00a0janvier. Comme cela a \u00e9t\u00e9 partag\u00e9 sur les r\u00e9seaux&hellip;\n","protected":false},"author":2,"featured_media":638529,"comment_status":"","ping_status":"","sticky":false,"template":"","format":"standard","meta":{"footnotes":""},"categories":[1888],"tags":[1111,1928,11,1927,74566,1777,674,1011,27,16486,15475,12,1926,5161,626,1925,25],"class_list":{"0":"post-638528","1":"post","2":"type-post","3":"status-publish","4":"format-standard","5":"has-post-thumbnail","7":"category-paris","8":"tag-actu","9":"tag-actu-paris","10":"tag-actualites","11":"tag-actualites-paris","12":"tag-chutes-de-neige","13":"tag-eu","14":"tag-europe","15":"tag-fr","16":"tag-france","17":"tag-guillaume-sechet","18":"tag-la-chaine-meteo","19":"tag-news","20":"tag-news-paris","21":"tag-normandie","22":"tag-paris","23":"tag-paris-news","24":"tag-republique-francaise"},"share_on_mastodon":{"url":"https:\/\/pubeurope.com\/@fr\/115831843831316982","error":""},"_links":{"self":[{"href":"https:\/\/www.europesays.com\/fr\/wp-json\/wp\/v2\/posts\/638528","targetHints":{"allow":["GET"]}}],"collection":[{"href":"https:\/\/www.europesays.com\/fr\/wp-json\/wp\/v2\/posts"}],"about":[{"href":"https:\/\/www.europesays.com\/fr\/wp-json\/wp\/v2\/types\/post"}],"author":[{"embeddable":true,"href":"https:\/\/www.europesays.com\/fr\/wp-json\/wp\/v2\/users\/2"}],"replies":[{"embeddable":true,"href":"https:\/\/www.europesays.com\/fr\/wp-json\/wp\/v2\/comments?post=638528"}],"version-history":[{"count":0,"href":"https:\/\/www.europesays.com\/fr\/wp-json\/wp\/v2\/posts\/638528\/revisions"}],"wp:featuredmedia":[{"embeddable":true,"href":"https:\/\/www.europesays.com\/fr\/wp-json\/wp\/v2\/media\/638529"}],"wp:attachment":[{"href":"https:\/\/www.europesays.com\/fr\/wp-json\/wp\/v2\/media?parent=638528"}],"wp:term":[{"taxonomy":"category","embeddable":true,"href":"https:\/\/www.europesays.com\/fr\/wp-json\/wp\/v2\/categories?post=638528"},{"taxonomy":"post_tag","embeddable":true,"href":"https:\/\/www.europesays.com\/fr\/wp-json\/wp\/v2\/tags?post=638528"}],"curies":[{"name":"wp","href":"https:\/\/api.w.org\/{rel}","templated":true}]}}