{"id":638530,"date":"2026-01-03T15:20:16","date_gmt":"2026-01-03T15:20:16","guid":{"rendered":"https:\/\/www.europesays.com\/fr\/638530\/"},"modified":"2026-01-03T15:20:16","modified_gmt":"2026-01-03T15:20:16","slug":"le-temple-du-caviar-a-paris-le-legendaire-restaurant-prunier-retrouve-un-nouvel-eclat","status":"publish","type":"post","link":"https:\/\/www.europesays.com\/fr\/638530\/","title":{"rendered":"\u00ab\u00a0Le temple du caviar \u00e0 Paris\u00a0\u00bb : le l\u00e9gendaire restaurant Prunier retrouve un nouvel \u00e9clat"},"content":{"rendered":"<p><a href=\"https:\/\/www.grazia.fr\/cuisine\/restaurants\/ces-restaurants-meritent-quon-aille-flaner-aux-abords-des-champs-elysees-1090502.html\" target=\"_blank\" rel=\"noopener\"><br \/>\n\u00c0 deux pas de l\u2019Arc de Triomphe<\/a>, sur l\u2019avenue Victor Hugo, avec<br \/>\nsa mythique fa\u00e7ade en mosa\u00efque turquoise, le restaurant Prunier,<br \/>\ninscrit au titre des monuments historiques en 1989, fait partie de<br \/>\nces tables qui ont valeur d\u2019institution. Depuis sa cr\u00e9ation en<br \/>\n1924, l\u2019adresse s\u2019impose comme l\u2019un des fleurons de la gastronomie<br \/>\nfran\u00e7aise, tout en incarnant un certain art de vivre \u00e0 la<br \/>\nparisienne. V\u00e9ritablement iconique, le lieu a vu d\u00e9filer de<br \/>\nnombreuses personnalit\u00e9s, notamment \u00e0 l\u2019\u00e9poque o\u00f9 Pierre Berg\u00e9 et<br \/>\n<a href=\"https:\/\/www.grazia.fr\/people\/yves-saint-laurent-ces-femmes-qui-ont-marque-sa-vie-1176824.html\" target=\"_blank\" rel=\"noopener\"><br \/>\nYves Saint Laurent<\/a> en \u00e9taient propri\u00e9taires, mais aussi une<br \/>\nsuccession de fins gourmets et de chefs chevronn\u00e9s. Certains s\u2019en<br \/>\nsouviennent \u00e9galement comme d\u00e9cor culte de plusieurs sc\u00e8nes du film<br \/>\nLa Grande Vadrouille avec Louis de Fun\u00e8s.<\/p>\n<p>S\u2019il n\u2019a jamais r\u00e9ellement perdu de sa superbe, difficile pour<br \/>\nune maison centenaire de traverser les d\u00e9cennies sans montrer<br \/>\nquelques signes du temps. Pour rester en phase avec son \u00e9poque et<br \/>\ns\u00e9duire une nouvelle g\u00e9n\u00e9ration de gastronomes, la belle endormie<br \/>\navait sans doute besoin d\u2019un l\u00e9ger r\u00e9veil. Redonner de l\u2019\u00e9clat \u00e0<br \/>\nune table embl\u00e9matique sans la d\u00e9naturer est un exercice d\u00e9licat,<br \/>\nauquel le restaurateur <strong>Benjamin Patou<\/strong> aime se<br \/>\nfrotter. Apr\u00e8s Lap\u00e9rouse et Lafayette\u2019s, et d\u00e9sormais associ\u00e9 \u00e0<br \/>\n<strong>Antoine Arnault<\/strong>, il a orchestr\u00e9 la r\u00e9novation de<br \/>\nPrunier, d\u00e9voil\u00e9e cet automne. Pour r\u00e9enchanter les lieux, il a<br \/>\nfait appel au d\u00e9corateur L\u00e1zaro Rosa-Viol\u00e1n, qui s\u2019est affair\u00e9 \u00e0<br \/>\nrenforcer <a href=\"https:\/\/www.grazia.fr\/cuisine\/restaurants\/les-restaurants-ou-s-attabler-avec-du-beau-monde-pendant-la-fashion-week-de-paris-673827.html\" target=\"_blank\" rel=\"noopener\"><br \/>\nle glamour de l\u2019adress<\/a>e tout en la rendant plus sexy tout en<br \/>\nsubtilit\u00e9.<\/p>\n<p><img loading=\"lazy\" decoding=\"async\" aria-describedby=\"caption-attachment-1212125\" itemprop=\"thumbnailUrl\" class=\"wp-image-1212125 img-responsive pinit-here\" src=\"https:\/\/www.europesays.com\/fr\/wp-content\/uploads\/2026\/01\/2025-09-17_prunier11511-683x1024.jpg\" alt=\"\" width=\"550\" height=\"825\" data-pin-media=\"https:\/\/www.grazia.fr\/wp-content\/uploads\/grazia\/2024\/04\/2025-09-17_prunier11511-736x1104.jpg\"\/><br \/>\n\u00a9 Matthieu<br \/>\nSalvaing<\/p>\n<p id=\"caption-attachment-1212125\" class=\"wp-caption-text\">Le<br \/>\nrestaurant Prunier a \u00e9t\u00e9 rachet\u00e9 par Lap\u00e9rouse Holding, le groupe<br \/>\nappartenant \u00e0 Benjamin Patou et Antoine Arnault.<\/p>\n<p>Prunier s\u00a0\u00bboffre un lifting r\u00e9ussi<\/p>\n<p>Il ne s\u2019agissait pas de partir d\u2019une page blanche, la salle<br \/>\nb\u00e9n\u00e9ficiait d\u00e9j\u00e0 d\u2019un d\u00e9cor fastueux h\u00e9rit\u00e9 de l\u2019Art d\u00e9co, avec son<br \/>\nescalier magistral, ses moulures, ses fresques murales et son grand<br \/>\ncomptoir en marbre en demi-cercle \u00e0 l\u2019entr\u00e9e. L\u2019id\u00e9e \u00e9tait plut\u00f4t<br \/>\nde rafra\u00eechir les lieux et de feutrer davantage l&rsquo;atmosph\u00e8re.<br \/>\nAinsi, les sols se sont vus rhabiller d\u2019une \u00e9l\u00e9gante moquette aux<br \/>\nmotifs marins sign\u00e9e Din\u00e8s Paris, tandis que les murs se parent<br \/>\nd\u00e9sormais de papiers peints Philipp Jeffries. Le mobilier a<br \/>\n\u00e9galement \u00e9t\u00e9 chang\u00e9 dans cette optique. Des tables, plus basses et<br \/>\nplus rapproch\u00e9es, pour favoriser la convivialit\u00e9, tandis que les<br \/>\nanciennes chaises en bois ont c\u00e9d\u00e9 leur place \u00e0 de confortables<br \/>\nfauteuils en velours.<\/p>\n<p>La vaisselle se personnalise avec des assiettes orn\u00e9es de<br \/>\nl\u2019esturgeon embl\u00e9matique de la maison, dessin\u00e9es par l\u2019artiste Zo\u00e9<br \/>\nRumeau. La lumi\u00e8re se fait plus douce. \u00c0 l\u2019\u00e9tage, l\u2019espace d\u00e9voile<br \/>\nde charmants salons intimistes, propices aux d\u00eeners. L\u2019ambiance<br \/>\ntoujours aussi raffin\u00e9e se r\u00e9v\u00e8le une facette plus d\u00e9tendue et<br \/>\nconviviale, port\u00e9e par un service qui demeure quant \u00e0 lui attentif<br \/>\net chaleureux.<\/p>\n<p><img loading=\"lazy\" decoding=\"async\" aria-describedby=\"caption-attachment-1212127\" class=\"wp-image-1212127 img-responsive pinit-here\" src=\"https:\/\/www.europesays.com\/fr\/wp-content\/uploads\/2026\/01\/thibaud_georges_copyright-064-683x1024.jpg\" alt=\"\" width=\"550\" height=\"825\" data-pin-media=\"https:\/\/www.grazia.fr\/wp-content\/uploads\/grazia\/2024\/04\/thibaud_georges_copyright-064-736x1104.jpg\"\/><br \/>\n\u00a9 Thibaud<br \/>\nGeorges<\/p>\n<p id=\"caption-attachment-1212127\" class=\"wp-caption-text\">Le d\u00e9cor<br \/>\ndu restaurant a \u00e9t\u00e9 rafra\u00eechi par le d\u00e9corateur L\u00e1zaro<br \/>\nRosa-Viol\u00e1n.<\/p>\n<p><img loading=\"lazy\" decoding=\"async\" aria-describedby=\"caption-attachment-1212124\" class=\"wp-image-1212124 img-responsive pinit-here\" src=\"https:\/\/www.europesays.com\/fr\/wp-content\/uploads\/2026\/01\/2025-09-17_prunier0251-683x1024.jpg\" alt=\"\" width=\"550\" height=\"825\" data-pin-media=\"https:\/\/www.grazia.fr\/wp-content\/uploads\/grazia\/2024\/04\/2025-09-17_prunier0251-736x1104.jpg\"\/><br \/>\n\u00a9 Matthieu<br \/>\nSalvaing<\/p>\n<p id=\"caption-attachment-1212124\" class=\"wp-caption-text\">Le lieu<br \/>\nse veut plus glamour et chaleureux.<\/p>\n<p>R\u00e9jouissances de caviar et de d\u00e9lices<br \/>\niod\u00e9s<\/p>\n<p>La mer constitue l\u2019essence m\u00eame de la Maison Prunier, r\u00e9put\u00e9e<br \/>\npour ses caviars fran\u00e7ais d\u2019exception et ses fruits de mer d\u2019une<br \/>\nqualit\u00e9 irr\u00e9prochable. Fid\u00e8le \u00e0 la devise d\u2019\u00c9mile Prunier, fils du<br \/>\nfondateur, la carte c\u00e9l\u00e8bre naturellement \u00a0\u00ab\u00a0tout ce qui vient<br \/>\nde la mer\u00a0\u00bb. Sous la direction du chef barcelonais <strong>Romain<br \/>\nFornell<\/strong>, elle s\u2019autorise toutefois quelques touches<br \/>\ncontemporaines. Les grands classiques demeurent, \u00e0 l\u2019image du<br \/>\nmythique \u00ab\u00a0\u0152uf Christian Dior\u00a0\u00bb. Bien s\u00fbr, le caviar (Baeri, Osci\u00e8tre<br \/>\nou Beluga) issu des propres fermes de la maison en Aquitaine, se<br \/>\nd\u00e9cline dans toutes ses expressions, des plus traditionnelles aux<br \/>\nplus cr\u00e9atives : sur blinis, toasts de brioche, \u0153ufs brouill\u00e9s,<br \/>\npomme de terre ou spaghetti.<\/p>\n<p><img loading=\"lazy\" decoding=\"async\" aria-describedby=\"caption-attachment-1212130\" class=\"wp-image-1212130 img-responsive pinit-here\" src=\"https:\/\/www.europesays.com\/fr\/wp-content\/uploads\/2026\/01\/thibaud_georges_food_copyright-05-683x1024.jpg\" alt=\"\" width=\"550\" height=\"825\" data-pin-media=\"https:\/\/www.grazia.fr\/wp-content\/uploads\/grazia\/2024\/04\/thibaud_georges_food_copyright-05-736x1104.jpg\"\/><br \/>\n\u00a9 Thibaud<br \/>\nGeorges<\/p>\n<p id=\"caption-attachment-1212130\" class=\"wp-caption-text\">Le<br \/>\ncaviar Prunier s&rsquo;invite dans une pomme de terre.<\/p>\n<p>Les amateurs de produits marins se laisseront \u00e9galement s\u00e9duire<br \/>\npar des hu\u00eetres fra\u00eeches, des poissons grill\u00e9s remarquables et une<br \/>\nfarandole de sp\u00e9cialit\u00e9s iod\u00e9es : saumon fum\u00e9, tartare de daurade,<br \/>\nnuggets de lotte, salade de king crab, salpicon de homard, \u0153ufs de<br \/>\npoisson, poutargue et taramas. Et pour conclure en beaut\u00e9,<br \/>\nimpossible de passer \u00e0 c\u00f4t\u00e9 de la sublime glace \u00e0 la pistache de<br \/>\nSicile, accompagn\u00e9e d\u2019un somptueux sabayon au chocolat maison. Le<br \/>\ntout \u00e0 d\u00e9guster entour\u00e9 du gratin parisien et international. Les<br \/>\npersonnalit\u00e9s continuent de s\u2019y presser : de Kendall Jenner \u00e0<br \/>\nCristina Cordula, en passant par Paris Hilton ou Jeanne Damas\u2026<\/p>\n<ul>\n<li><strong>16 Av. Victor Hugo, 75116 Paris<\/strong><\/li>\n<\/ul>\n<p><img loading=\"lazy\" decoding=\"async\" aria-describedby=\"caption-attachment-1212132\" class=\"wp-image-1212132 img-responsive pinit-here\" src=\"https:\/\/www.europesays.com\/fr\/wp-content\/uploads\/2026\/01\/thibaud_georges_food_copyright-35-683x1024.jpg\" alt=\"\" width=\"550\" height=\"825\" data-pin-media=\"https:\/\/www.grazia.fr\/wp-content\/uploads\/grazia\/2024\/04\/thibaud_georges_food_copyright-35-736x1104.jpg\"\/><br \/>\n\u00a9 Thibaud<br \/>\nGeorges<\/p>\n<p id=\"caption-attachment-1212132\" class=\"wp-caption-text\">Les<br \/>\nspaghetti s&rsquo;agr\u00e9mentent d&rsquo;\u0153ufs de saumon.<\/p>\n","protected":false},"excerpt":{"rendered":"\u00c0 deux pas de l\u2019Arc de Triomphe, sur l\u2019avenue Victor Hugo, avec sa mythique fa\u00e7ade en mosa\u00efque turquoise,&hellip;\n","protected":false},"author":2,"featured_media":638531,"comment_status":"","ping_status":"","sticky":false,"template":"","format":"standard","meta":{"footnotes":""},"categories":[1888],"tags":[930,13041,11,73796,3029,13371,1777,674,1011,27,46692,12,10542,626,74570,25,1340,4256,38440,9066],"class_list":{"0":"post-638530","1":"post","2":"type-post","3":"status-publish","4":"format-standard","5":"has-post-thumbnail","7":"category-paris","8":"tag-le","9":"tag-a","10":"tag-actualites","11":"tag-caviar","12":"tag-du","13":"tag-eclat","14":"tag-eu","15":"tag-europe","16":"tag-fr","17":"tag-france","18":"tag-legendaire","19":"tag-news","20":"tag-nouvel","21":"tag-paris","22":"tag-prunier","23":"tag-republique-francaise","24":"tag-restaurant","25":"tag-retrouve","26":"tag-temple","27":"tag-un"},"share_on_mastodon":{"url":"https:\/\/pubeurope.com\/@fr\/115831847667940358","error":""},"_links":{"self":[{"href":"https:\/\/www.europesays.com\/fr\/wp-json\/wp\/v2\/posts\/638530","targetHints":{"allow":["GET"]}}],"collection":[{"href":"https:\/\/www.europesays.com\/fr\/wp-json\/wp\/v2\/posts"}],"about":[{"href":"https:\/\/www.europesays.com\/fr\/wp-json\/wp\/v2\/types\/post"}],"author":[{"embeddable":true,"href":"https:\/\/www.europesays.com\/fr\/wp-json\/wp\/v2\/users\/2"}],"replies":[{"embeddable":true,"href":"https:\/\/www.europesays.com\/fr\/wp-json\/wp\/v2\/comments?post=638530"}],"version-history":[{"count":0,"href":"https:\/\/www.europesays.com\/fr\/wp-json\/wp\/v2\/posts\/638530\/revisions"}],"wp:featuredmedia":[{"embeddable":true,"href":"https:\/\/www.europesays.com\/fr\/wp-json\/wp\/v2\/media\/638531"}],"wp:attachment":[{"href":"https:\/\/www.europesays.com\/fr\/wp-json\/wp\/v2\/media?parent=638530"}],"wp:term":[{"taxonomy":"category","embeddable":true,"href":"https:\/\/www.europesays.com\/fr\/wp-json\/wp\/v2\/categories?post=638530"},{"taxonomy":"post_tag","embeddable":true,"href":"https:\/\/www.europesays.com\/fr\/wp-json\/wp\/v2\/tags?post=638530"}],"curies":[{"name":"wp","href":"https:\/\/api.w.org\/{rel}","templated":true}]}}