{"id":638532,"date":"2026-01-03T15:21:09","date_gmt":"2026-01-03T15:21:09","guid":{"rendered":"https:\/\/www.europesays.com\/fr\/638532\/"},"modified":"2026-01-03T15:21:09","modified_gmt":"2026-01-03T15:21:09","slug":"une-autre-ville-est-deja-en-train-de-naitre","status":"publish","type":"post","link":"https:\/\/www.europesays.com\/fr\/638532\/","title":{"rendered":"une autre ville est d\u00e9j\u00e0 en train de na\u00eetre"},"content":{"rendered":"<p>N\u00e9\u00a0d&rsquo;un petit oppidum gaulois sur la Seine devenu romain au Ier si\u00e8cle,\u00a0<a href=\"https:\/\/www.futura-sciences.com\/sciences\/questions-reponses\/histoire-histoire-naissance-paris-capitale-royaume-france-12300\/\" title=\"Histoire : naissance de Paris, capitale du royaume de France\" target=\"_blank\" rel=\"noopener\">Paris<\/a>\u00a0est aujourd&rsquo;hui une m\u00e9gapole qui comptabilise plus de 12 millions d&rsquo;habitants.<\/p>\n<p>Essentiellement min\u00e9rale, majoritairement construite en pierre, en b\u00e9ton et en <a href=\"https:\/\/www.futura-sciences.com\/sciences\/definitions\/matiere-metal-3877\/\" target=\"_blank\" rel=\"noopener\">m\u00e9tal<\/a>, la ville subit l&rsquo;augmentation des temp\u00e9ratures et l&rsquo;aggravation des <a href=\"https:\/\/www.futura-sciences.com\/planete\/actualites\/rechauffement-climatique-climat-change-trop-vite-laissant-place-phenomenes-extremes-impensable-desormais-possible-115750\/\" title=\"Le climat change trop vite, laissant place \u00e0 des ph\u00e9nom\u00e8nes extr\u00eames : \u00ab\u00a0l\u2019impensable est d\u00e9sormais possible\u00a0\u00bb !\" target=\"_blank\" rel=\"noopener\">ph\u00e9nom\u00e8nes m\u00e9t\u00e9orologiques extr\u00eames<\/a> &#8211;\u00a0crues de grande amplitude et <a href=\"https:\/\/www.futura-sciences.com\/planete\/definitions\/climatologie-canicule-6521\/\" target=\"_blank\" rel=\"noopener\">canicules<\/a> meurtri\u00e8res &#8211; qui ont montr\u00e9 l&rsquo;urgence de l&rsquo;adapter\u00a0au <a href=\"https:\/\/www.futura-sciences.com\/planete\/definitions\/changement-climatique-rechauffement-climatique-13827\/\" target=\"_blank\" rel=\"noopener\">changement climatique<\/a>.<\/p>\n<p>Le virage vers un mod\u00e8le r\u00e9silient<\/p>\n<p>Pour faire face \u00e0 ce nouveau d\u00e9fi, Paris applique, depuis 2015, une strat\u00e9gie d&rsquo;adaptation qui vise \u00e0 r\u00e9duire les <a href=\"https:\/\/www.futura-sciences.com\/sciences\/definitions\/physique-emission-389\/\" target=\"_blank\" rel=\"noopener\">\u00e9missions<\/a> de CO2, \u00e0 prot\u00e9ger les habitants\u00a0et \u00e0 s\u00e9curiser les ressources vitales. Dans un contexte de r\u00e9chauffement attendu de 2 \u00e0 4\u202f\u00b0C d&rsquo;ici <a href=\"https:\/\/www.futura-sciences.com\/planete\/actualites\/climatologie-rechauffement-climatique-il-fera-aussi-chaud-paris-2050-qua-canberra-aujourdhui-56317\/\" title=\"R\u00e9chauffement climatique : il fera aussi chaud \u00e0 Paris en 2050 qu\u2019\u00e0 Canberra aujourd\u2019hui\" target=\"_blank\" rel=\"noopener\">2050<\/a>, la ville d\u00e9veloppe un maillage de \u00ab lieux de fra\u00eecheur \u00bb\u00a0accessibles en quelques minutes \u00e0 pied, ouvre les parcs la nuit en p\u00e9riode de canicule et \u00e9tend les voies pi\u00e9tonnes et cyclables pour limiter le trafic motoris\u00e9.<\/p>\n<p>Un cran plus loin, l&rsquo;adoption du premier Plan <a href=\"https:\/\/www.futura-sciences.com\/tech\/definitions\/logiciels-local-27265\/\" target=\"_blank\" rel=\"noopener\">local<\/a> d&rsquo;urbanisme bioclimatique en 2024 int\u00e8gre la <a href=\"https:\/\/www.futura-sciences.com\/planete\/definitions\/botanique-resilient-5455\/\" target=\"_blank\" rel=\"noopener\">r\u00e9silience<\/a> dans chaque compartiment de la vie citadine, que ce soit dans les services, les usages, la <a href=\"https:\/\/www.futura-sciences.com\/maison\/definitions\/construction-maison-liant-17955\/\" target=\"_blank\" rel=\"noopener\">construction<\/a> ou l&rsquo;am\u00e9nagement, en pr\u00e9voyant notamment l&rsquo;encadrement strict de la densification, l&rsquo;extension des espaces verts existants, la cr\u00e9ation de nouveaux jardins, la limitation des b\u00e2timents \u00e9nergivores, et le renforcement des continuit\u00e9s \u00e9cologiques.<\/p>\n<p>En parall\u00e8le, la technologie transforme aussi la ville. Les <a href=\"https:\/\/www.futura-sciences.com\/sciences\/definitions\/mathematiques-application-13200\/\" target=\"_blank\" rel=\"noopener\">applications<\/a>, les <a href=\"https:\/\/www.futura-sciences.com\/tech\/definitions\/technologie-senseur-8460\/\" target=\"_blank\" rel=\"noopener\">capteurs<\/a>, les donn\u00e9es et les algorithmes permettent de r\u00e9duire la pollution, d&rsquo;am\u00e9liorer <a href=\"https:\/\/www.futura-sciences.com\/planete\/actualites\/planete-pensez-vous-trier-vos-dechets-correctement-91865\/\" title=\"Pensez-vous trier vos d\u00e9chets correctement ?\" target=\"_blank\" rel=\"noopener\">le tri des d\u00e9chets<\/a>, et d&rsquo;optimiser le fonctionnement des transports.<\/p>\n<p>Le nouveau visage de Paris<\/p>\n<p>En misant principalement sur <a href=\"https:\/\/www.futura-sciences.com\/planete\/actualites\/rechauffement-climatique-rafraichir-nos-villes-scientifiques-ont-trouve-methode-encore-plus-efficace-vegetalisation-114411\/\" title=\"Pour rafra\u00eechir nos villes, les scientifiques ont trouv\u00e9 une m\u00e9thode encore plus efficace que la v\u00e9g\u00e9talisation !\" target=\"_blank\" rel=\"noopener\">la v\u00e9g\u00e9talisation<\/a>, le d\u00e9veloppement de l&rsquo;<a href=\"https:\/\/www.futura-sciences.com\/planete\/definitions\/developpement-durable-agriculture-11492\/\" target=\"_blank\" rel=\"noopener\">agriculture<\/a> intra-muros, l&rsquo;adaptation aux fortes <a href=\"https:\/\/www.futura-sciences.com\/sciences\/definitions\/physique-chaleur-15898\/\" target=\"_blank\" rel=\"noopener\">chaleurs<\/a>, la lutte contre l&rsquo;\u00e9talement urbain, la transformation du <a href=\"https:\/\/www.futura-sciences.com\/planete\/definitions\/energie-renouvelable-mix-energetique-13429\/\" target=\"_blank\" rel=\"noopener\">mix \u00e9nerg\u00e9tique<\/a>, la mise en \u0153uvre d&rsquo;une mobilit\u00e9 d\u00e9carbon\u00e9e et l&rsquo;utilisation vertueuse du <a href=\"https:\/\/www.futura-sciences.com\/tech\/definitions\/numerique-numerique-584\/\" target=\"_blank\" rel=\"noopener\">num\u00e9rique<\/a>, la capitale fran\u00e7aise entend devenir sobre en <a href=\"https:\/\/www.futura-sciences.com\/sciences\/definitions\/chimie-carbone-3873\/\" target=\"_blank\" rel=\"noopener\">carbone<\/a> et r\u00e9sistante aux chocs climatiques \u00e0 l&rsquo;horizon 2050. Cette transformation de fond n\u00e9cessite des modifications de grande ampleur qui vont reconfigurer les rues, les b\u00e2timents, les axes de circulation, et la forme m\u00eame de la ville.<\/p>\n<p>Dans les prochaines d\u00e9cennies, le visage de Paris va compl\u00e8tement changer. Cette s\u00e9rie d&rsquo;articles a pour objectif de vous montrer comment la capitale va \u00e9voluer pour devenir tout \u00e0 fait diff\u00e9rente au milieu du si\u00e8cle.<\/p>\n","protected":false},"excerpt":{"rendered":"N\u00e9\u00a0d&rsquo;un petit oppidum gaulois sur la Seine devenu romain au Ier si\u00e8cle,\u00a0Paris\u00a0est aujourd&rsquo;hui une m\u00e9gapole qui comptabilise plus&hellip;\n","protected":false},"author":2,"featured_media":638533,"comment_status":"","ping_status":"","sticky":false,"template":"","format":"standard","meta":{"footnotes":""},"categories":[1888],"tags":[68062,11,74573,74575,74574,1777,674,1011,27,74576,74577,12,626,74571,74578,74583,74579,25,65488,1352,74580,4824,74581,13167,74582,74572,68628],"class_list":{"0":"post-638532","1":"post","2":"type-post","3":"status-publish","4":"format-standard","5":"has-post-thumbnail","7":"category-paris","8":"tag-68062","9":"tag-actualites","10":"tag-adaptation-a-la-ville","11":"tag-circulation-en-ville","12":"tag-climat-des-villes","13":"tag-eu","14":"tag-europe","15":"tag-fr","16":"tag-france","17":"tag-jardin-en-ville","18":"tag-nature-dans-la-ville","19":"tag-news","20":"tag-paris","21":"tag-paris-en-20250","22":"tag-pollution-de-l039air-en-ville","23":"tag-prospective","24":"tag-qualite-de-l039air-en-ville","25":"tag-republique-francaise","26":"tag-urbanisation","27":"tag-urbanisme","28":"tag-vie-en-ville","29":"tag-ville","30":"tag-ville-de-demain","31":"tag-ville-de-paris","32":"tag-ville-du-futur","33":"tag-ville-en-transition","34":"tag-ville-lumiere"},"share_on_mastodon":{"url":"https:\/\/pubeurope.com\/@fr\/115831851442955048","error":""},"_links":{"self":[{"href":"https:\/\/www.europesays.com\/fr\/wp-json\/wp\/v2\/posts\/638532","targetHints":{"allow":["GET"]}}],"collection":[{"href":"https:\/\/www.europesays.com\/fr\/wp-json\/wp\/v2\/posts"}],"about":[{"href":"https:\/\/www.europesays.com\/fr\/wp-json\/wp\/v2\/types\/post"}],"author":[{"embeddable":true,"href":"https:\/\/www.europesays.com\/fr\/wp-json\/wp\/v2\/users\/2"}],"replies":[{"embeddable":true,"href":"https:\/\/www.europesays.com\/fr\/wp-json\/wp\/v2\/comments?post=638532"}],"version-history":[{"count":0,"href":"https:\/\/www.europesays.com\/fr\/wp-json\/wp\/v2\/posts\/638532\/revisions"}],"wp:featuredmedia":[{"embeddable":true,"href":"https:\/\/www.europesays.com\/fr\/wp-json\/wp\/v2\/media\/638533"}],"wp:attachment":[{"href":"https:\/\/www.europesays.com\/fr\/wp-json\/wp\/v2\/media?parent=638532"}],"wp:term":[{"taxonomy":"category","embeddable":true,"href":"https:\/\/www.europesays.com\/fr\/wp-json\/wp\/v2\/categories?post=638532"},{"taxonomy":"post_tag","embeddable":true,"href":"https:\/\/www.europesays.com\/fr\/wp-json\/wp\/v2\/tags?post=638532"}],"curies":[{"name":"wp","href":"https:\/\/api.w.org\/{rel}","templated":true}]}}