{"id":638535,"date":"2026-01-03T15:23:11","date_gmt":"2026-01-03T15:23:11","guid":{"rendered":"https:\/\/www.europesays.com\/fr\/638535\/"},"modified":"2026-01-03T15:23:11","modified_gmt":"2026-01-03T15:23:11","slug":"volodymyr-zelensky-annonce-remplacer-son-ministre-de-la-defense","status":"publish","type":"post","link":"https:\/\/www.europesays.com\/fr\/638535\/","title":{"rendered":"Volodymyr Zelensky annonce remplacer son ministre de la D\u00e9fense"},"content":{"rendered":"<p>\n    Denys Chmygal a dirig\u00e9 le gouvernement pendant la pand\u00e9mie de Covid-19, avant le d\u00e9but de l\u2019invasion russe en Ukraine en f\u00e9vrier 2022. Ce remaniement gouvernemental doit encore \u00eatre approuv\u00e9 par le Parlement.<\/p>\n<p class=\"fig-paragraph\">Le pr\u00e9sident ukrainien\u00a0<a href=\"http:\/\/www.lefigaro.fr\/international\/guerre-en-ukraine-une-reunion-entre-dirigeants-de-pays-allies-de-kiev-aura-lieu-le-6-janvier-en-france-annonce-volodymyr-zelensky-20251230\" data-fig-type=\"NewsFlash\" data-gtm-custom-categorie=\"navigation\" data-gtm-custom-action=\"crossclick\" data-gtm-custom-label=\"Contextuel\" data-gtm-event=\"customEventSPE\" data-fig-domain=\"LEFIGARO\" target=\"_blank\" rel=\"noopener\">Volodymyr Zelensky<\/a>\u00a0a indiqu\u00e9 samedi souhaiter nommer le\u00a0<a href=\"http:\/\/www.lefigaro.fr\/international\/guerre-en-ukraine-zelensky-choisit-le-chef-du-renseignement-militaire-pour-diriger-son-cabinet-20260102\" data-fig-type=\"NewsFlash\" data-gtm-custom-categorie=\"navigation\" data-gtm-custom-action=\"crossclick\" data-gtm-custom-label=\"Contextuel\" data-gtm-event=\"customEventSPE\" data-fig-domain=\"LEFIGARO\" target=\"_blank\" rel=\"noopener\">ministre de la D\u00e9fense<\/a>\u00a0Denys Chmygal, qu&rsquo;il souhaite remplacer, \u00e0 la t\u00eate du minist\u00e8re de l&rsquo;\u00c9nergie, dans un remaniement gouvernemental qui doit encore \u00eatre approuv\u00e9 par le Parlement.<\/p>\n<p class=\"fig-paragraph\">\u00abJ&rsquo;ai rencontr\u00e9 Denys Chmygal. Je lui suis reconnaissant pour son travail m\u00e9thodique au sein du minist\u00e8re de la D\u00e9fense et pour le renforcement des processus afin d&rsquo;assurer la protection de notre \u00c9tat. Ce type d&rsquo;approche syst\u00e9matique est pr\u00e9cis\u00e9ment ce dont le secteur \u00e9nerg\u00e9tique ukrainien a besoin actuellement\u00bb, a d\u00e9clar\u00e9 Zelensky sur les r\u00e9seaux sociaux, apr\u00e8s avoir indiqu\u00e9 vendredi vouloir remplacer M. Chmygal par Mykha\u00eflo Fedorov, actuel ministre de la Transformation num\u00e9rique.<\/p>\n<p>                                            <a class=\"fig-a11y-skip\" href=\"#fig-a11y-skip-main-inarticle\" data-module=\"a11y-skip\" data-context=\"was @visible\"><br \/>\n    Passer la publicit\u00e9<br \/>\n<\/a>            <\/p>\n<p class=\"fig-paragraph\">Les infrastructures \u00e9nerg\u00e9tiques de l\u2019Ukraine sont tr\u00e8s souvent la cible des frappes russes, n\u00e9cessitant des r\u00e9parations rapides et incessantes pour r\u00e9tablir les approvisionnements en chauffage et \u00e9lectricit\u00e9 en plein hiver. Denys Chmygal, nomm\u00e9 Premier ministre en 2020, a dirig\u00e9 le gouvernement pendant la pand\u00e9mie de Covid-19, avant le d\u00e9but de l\u2019invasion russe en Ukraine en f\u00e9vrier 2022. Il est \u00e0 la t\u00eate du minist\u00e8re de la D\u00e9fense depuis juillet.<\/p>\n<p class=\"fig-body-link\">\n            \u00c0 lire aussi<br \/>\n        <a class=\"fig-body-link__link fig-premium-mark\" href=\"http:\/\/www.lefigaro.fr\/international\/donald-trump-tente-d-imposer-sa-paix-en-ukraine-sans-facher-la-russie-20251229\" target=\"_blank\" data-fig-type=\"Article\" rel=\"noopener\" data-gtm-custom-categorie=\"navigation\" data-gtm-custom-action=\"crossclick\" data-gtm-custom-label=\"Contextuel\" data-gtm-event=\"customEventSPE\" data-fig-domain=\"LEFIGARO\"><\/p>\n<p>        Donald Trump tente d\u2019imposer sa paix en Ukraine sans f\u00e2cher la Russie<br \/>\n    <\/a>\n<\/p>\n<p>                                            Nomination du chef du renseignement militaire ukrainien<\/p>\n<p class=\"fig-paragraph\">Sous r\u00e9serve de l\u2019approbation de ce remaniement par le Parlement ukrainien, Chmygal prendrait la t\u00eate du minist\u00e8re de l\u2019\u00c9nergie chamboul\u00e9 cet \u00e9t\u00e9 par un vaste scandale de corruption qui avait men\u00e9 \u00e0 la d\u00e9mission de la ministre Svitlana Gryntchouk et de son pr\u00e9d\u00e9cesseur &#8211; alors \u00e0 la Justice &#8211; Guerman Galouchtchenko.<\/p>\n<p class=\"fig-paragraph\">Vendredi, Zelensky avait dit vouloir que Mykha\u00eflo Fedorov, 34 ans, ministre de la Transformation num\u00e9rique depuis 2019, remplace Chmygal \u00e0 la D\u00e9fense. Le pr\u00e9sident ukrainien a par ailleurs annonc\u00e9 la nomination du chef du renseignement militaire ukrainien, Kyrylo Boudanov, en tant chef de l\u2019administration pr\u00e9sidentielle, un poste cl\u00e9.<\/p>\n<p class=\"fig-paragraph\">Boudanov remplace Andri\u00ef Iermak, l\u2019un des hommes les plus puissants d\u2019Ukraine avant sa disgr\u00e2ce sur fond de scandale de corruption dans le secteur de l\u2019\u00e9nergie.<\/p>\n","protected":false},"excerpt":{"rendered":"Denys Chmygal a dirig\u00e9 le gouvernement pendant la pand\u00e9mie de Covid-19, avant le d\u00e9but de l\u2019invasion russe en&hellip;\n","protected":false},"author":2,"featured_media":638536,"comment_status":"","ping_status":"","sticky":false,"template":"","format":"standard","meta":{"footnotes":""},"categories":[1590],"tags":[11,1777,674,12,220,134],"class_list":{"0":"post-638535","1":"post","2":"type-post","3":"status-publish","4":"format-standard","5":"has-post-thumbnail","7":"category-ukraine","8":"tag-actualites","9":"tag-eu","10":"tag-europe","11":"tag-news","12":"tag-ukraine","13":"tag-volodymyr-zelensky"},"share_on_mastodon":{"url":"https:\/\/pubeurope.com\/@fr\/115831859075723004","error":""},"_links":{"self":[{"href":"https:\/\/www.europesays.com\/fr\/wp-json\/wp\/v2\/posts\/638535","targetHints":{"allow":["GET"]}}],"collection":[{"href":"https:\/\/www.europesays.com\/fr\/wp-json\/wp\/v2\/posts"}],"about":[{"href":"https:\/\/www.europesays.com\/fr\/wp-json\/wp\/v2\/types\/post"}],"author":[{"embeddable":true,"href":"https:\/\/www.europesays.com\/fr\/wp-json\/wp\/v2\/users\/2"}],"replies":[{"embeddable":true,"href":"https:\/\/www.europesays.com\/fr\/wp-json\/wp\/v2\/comments?post=638535"}],"version-history":[{"count":0,"href":"https:\/\/www.europesays.com\/fr\/wp-json\/wp\/v2\/posts\/638535\/revisions"}],"wp:featuredmedia":[{"embeddable":true,"href":"https:\/\/www.europesays.com\/fr\/wp-json\/wp\/v2\/media\/638536"}],"wp:attachment":[{"href":"https:\/\/www.europesays.com\/fr\/wp-json\/wp\/v2\/media?parent=638535"}],"wp:term":[{"taxonomy":"category","embeddable":true,"href":"https:\/\/www.europesays.com\/fr\/wp-json\/wp\/v2\/categories?post=638535"},{"taxonomy":"post_tag","embeddable":true,"href":"https:\/\/www.europesays.com\/fr\/wp-json\/wp\/v2\/tags?post=638535"}],"curies":[{"name":"wp","href":"https:\/\/api.w.org\/{rel}","templated":true}]}}