{"id":638537,"date":"2026-01-03T15:24:10","date_gmt":"2026-01-03T15:24:10","guid":{"rendered":"https:\/\/www.europesays.com\/fr\/638537\/"},"modified":"2026-01-03T15:24:10","modified_gmt":"2026-01-03T15:24:10","slug":"vaste-attaque-aerienne-des-etats-unis-maduro-et-sa-femme-captures-pour-etre-amenes-a-new-york-suivez-les-dernieres-infos","status":"publish","type":"post","link":"https:\/\/www.europesays.com\/fr\/638537\/","title":{"rendered":"vaste attaque a\u00e9rienne des Etats-Unis, Maduro et sa femme captur\u00e9s pour \u00eatre amen\u00e9s \u00e0 New York&#8230; Suivez les derni\u00e8res infos"},"content":{"rendered":"<p>Peu avant 2 heures du matin dans la nuit de vendredi \u00e0 samedi, les habitants de Caracas, capitale du Venezuela, ont \u00e9t\u00e9 r\u00e9veill\u00e9s par des bruits d\u2019explosion et d\u2019appareils survolant la ville. Rapidement, les autorit\u00e9s v\u00e9n\u00e9zu\u00e9liennes ont point\u00e9 la responsabilit\u00e9 des \u00c9tats-Unis de Donald Trump. \u00abLe Venezuela rejette et d\u00e9nonce (&#8230;) la tr\u00e8s grave agression militaire perp\u00e9tr\u00e9e par (&#8230;) les Etats-Unis contre le territoire et la population v\u00e9n\u00e9zu\u00e9liens, dans les localit\u00e9s civiles et militaires de Caracas et les Etats de Miranda, Aragua et La Guaira autour de Caracas\u00bb, a indiqu\u00e9 un communiqu\u00e9 du gouvernement. \u00abUne telle agression menace la paix et la stabilit\u00e9 internationales (&#8230;) et met gravement en p\u00e9ril la vie de millions de personnes\u00bb, assure Caracas.\u00a0<\/p>\n<p>Cette attaque a \u00e9t\u00e9 confirm\u00e9e par Donald Trump, qui a assur\u00e9 que Nicolas Maduro a \u00e9t\u00e9 \u201ccaptur\u00e9 et exfiltr\u00e9\u201d du Venezuela. La procureure g\u00e9n\u00e9rale des Etats-Unis, Pamela Bondi, a annonc\u00e9 que lui et son \u00e9pouse, Cilia Flores, ont \u00e9t\u00e9 \u201cinculp\u00e9s dans le district sud de New York\u201d. Ces \u00e9v\u00e9nements interviennent apr\u00e8s plusieurs mois de tensions entre les deux pays. Donald Trump accuse le pr\u00e9sident Maduro d\u2019\u00eatre \u00e0 la t\u00eate d\u2019un vaste r\u00e9seau de narcotrafic que l\u2019int\u00e9ress\u00e9 d\u00e9ment, reprochant aux \u00c9tats-Unis de vouloir le renverser pour s\u2019emparer des r\u00e9serves de p\u00e9trole du pays, les plus grandes de la plan\u00e8te. Suivez avec nous les derni\u00e8res informations.<\/p>\n<p>A lire aussi :<\/p>\n<p> <strong> <a target=\"_self\" rel=\"nofollow noopener\" href=\"https:\/\/www.sudouest.fr\/international\/etats-unis\/donald-trump\/venezuela-de-fortes-explosions-entendues-a-caracas-ce-samedi-matin-27273242.php\">&#8211; Vid\u00e9os. Venezuela : fortes explosions \u00e0 Caracas, qui \u00ab d\u00e9nonce la tr\u00e8s grave agression militaire \u00bb des \u00c9tats-Unis<\/a> <\/strong>\u00a0<\/p>\n<p> <strong> <a target=\"_self\" rel=\"nofollow noopener\" href=\"https:\/\/www.sudouest.fr\/international\/russie\/venezuela-moscou-enjoint-les-etats-unis-a-ne-pas-commettre-une-erreur-fatale-27149313.php\">&#8211; Venezuela : Moscou enjoint les \u00c9tats-Unis \u00e0 ne pas \u00ab commettre une erreur fatale \u00bb<\/a> <\/strong>\u00a0<\/p>\n<p> <strong> <a target=\"_self\" rel=\"nofollow noopener\" href=\"https:\/\/www.sudouest.fr\/international\/venezuela-donald-trump-revendique-une-premiere-frappe-americaine-terrestre-contre-le-narcotrafic-27245235.php\">&#8211; Venezuela : Donald Trump revendique une premi\u00e8re frappe am\u00e9ricaine terrestre contre le narcotrafic<\/a> <\/strong>\u00a0<\/p>\n<p> <strong> <a target=\"_self\" rel=\"nofollow noopener\" href=\"https:\/\/www.sudouest.fr\/international\/etats-unis\/etats-unis-venezuela-donald-trump-appelle-nicolas-maduro-a-quitter-le-pouvoir-27198511.php\">&#8211; \u00c9tats-Unis \u2013 Venezuela : Donald Trump appelle Nicol\u00e1s Maduro \u00e0 quitter le pouvoir<\/a> <\/strong>\u00a0<\/p>\n","protected":false},"excerpt":{"rendered":"Peu avant 2 heures du matin dans la nuit de vendredi \u00e0 samedi, les habitants de Caracas, capitale&hellip;\n","protected":false},"author":2,"featured_media":638538,"comment_status":"","ping_status":"","sticky":false,"template":"","format":"standard","meta":{"footnotes":""},"categories":[1589],"tags":[11,73,1866,12,1864,1865,1863,308],"class_list":{"0":"post-638537","1":"post","2":"type-post","3":"status-publish","4":"format-standard","5":"has-post-thumbnail","7":"category-etats-unis","8":"tag-actualites","9":"tag-etats-unis","10":"tag-etats-unis-damerique","11":"tag-news","12":"tag-united-states","13":"tag-united-states-of-america","14":"tag-us","15":"tag-usa"},"share_on_mastodon":{"url":"https:\/\/pubeurope.com\/@fr\/115831863179572632","error":""},"_links":{"self":[{"href":"https:\/\/www.europesays.com\/fr\/wp-json\/wp\/v2\/posts\/638537","targetHints":{"allow":["GET"]}}],"collection":[{"href":"https:\/\/www.europesays.com\/fr\/wp-json\/wp\/v2\/posts"}],"about":[{"href":"https:\/\/www.europesays.com\/fr\/wp-json\/wp\/v2\/types\/post"}],"author":[{"embeddable":true,"href":"https:\/\/www.europesays.com\/fr\/wp-json\/wp\/v2\/users\/2"}],"replies":[{"embeddable":true,"href":"https:\/\/www.europesays.com\/fr\/wp-json\/wp\/v2\/comments?post=638537"}],"version-history":[{"count":0,"href":"https:\/\/www.europesays.com\/fr\/wp-json\/wp\/v2\/posts\/638537\/revisions"}],"wp:featuredmedia":[{"embeddable":true,"href":"https:\/\/www.europesays.com\/fr\/wp-json\/wp\/v2\/media\/638538"}],"wp:attachment":[{"href":"https:\/\/www.europesays.com\/fr\/wp-json\/wp\/v2\/media?parent=638537"}],"wp:term":[{"taxonomy":"category","embeddable":true,"href":"https:\/\/www.europesays.com\/fr\/wp-json\/wp\/v2\/categories?post=638537"},{"taxonomy":"post_tag","embeddable":true,"href":"https:\/\/www.europesays.com\/fr\/wp-json\/wp\/v2\/tags?post=638537"}],"curies":[{"name":"wp","href":"https:\/\/api.w.org\/{rel}","templated":true}]}}