{"id":638539,"date":"2026-01-03T15:25:15","date_gmt":"2026-01-03T15:25:15","guid":{"rendered":"https:\/\/www.europesays.com\/fr\/638539\/"},"modified":"2026-01-03T15:25:15","modified_gmt":"2026-01-03T15:25:15","slug":"kate-tete-en-lair-la-princesse-de-galles-admet-perdre-souvent-un-objet-du-quotidien","status":"publish","type":"post","link":"https:\/\/www.europesays.com\/fr\/638539\/","title":{"rendered":"Kate t\u00eate en l\u2019air ? La princesse de Galles admet perdre souvent un objet du quotidien"},"content":{"rendered":"<p>Apr\u00e8s avoir appris que Kate enlevait volontiers ses chaussures quand elle arrive chez des particuliers, une autre anecdote empreinte de banalit\u00e9 amuse ces derni\u00e8res heures les m\u00e9dias anglais. Difficile d\u2019imaginer que la <a target=\"_blank\" href=\"https:\/\/www.pointdevue.fr\/grand-angle\/biographies\/kate-middleton\" rel=\"noopener\">princesse de Galles<\/a> ressemble, en certains points, au commun des mortels et pourtant ! Dans le <a target=\"_blank\" href=\"https:\/\/www.thetimes.com\/uk\/royal-family\/article\/princess-wales-what-queen-will-she-be-6rc7hnpwz\" rel=\"noopener\">Times<\/a>, la podcasteuse Giovanna Fletcher revient sur sa rencontre avec l\u2019\u00e9pouse du prince William en 2020. <strong>Et elle r\u00e9v\u00e8le une conversation qu\u2019elles ont eue quand les micros \u00e9taient \u00e9teints.\u00a0<\/strong><\/p>\n<p><img decoding=\"async\" src=\"https:\/\/www.europesays.com\/fr\/wp-content\/uploads\/2026\/01\/ABACA_BRPAPhotos20250430_577quUCNJdtmP.jpg\" alt=\"Giovanna Fletcher discute avec le roi Charles III lors d'une r\u00e9ception au palais de Buckingham, le 30 avril 2025.\"\/><strong>Giovanna Fletcher discute avec le roi Charles III lors d&rsquo;une r\u00e9ception au palais de Buckingham, le 30 avril 2025.<\/strong> \u00a9 PA Photos\/ABACA<\/p>\n<p>\u00ab\u00a0Elle m\u2019a dit qu\u2019elle \u00e9tait notoirement mauvaise pour garder un \u0153il sur son t\u00e9l\u00e9phone. Elle perd toujours son t\u00e9l\u00e9phone.\u00a0\u00bb confie-t-elle. Si bien que ses proches s\u2019en amusent et lui offrent des cadeaux pour l\u2019aider \u00e0 ne plus \u00e9garer son t\u00e9l\u00e9phone portable dans leur domicile ou ailleurs\u2026 <strong>\u00ab\u00a0Tous ses cadeaux de No\u00ebl cette ann\u00e9e-l\u00e0 \u00e9taient li\u00e9s au fait qu\u2019elle n\u2019arrivait pas \u00e0 garder son t\u00e9l\u00e9phone\u2026 C\u2019\u00e9tait pour l\u2019aider \u00e0 ne plus le perdre.\u00a0\u00bb<\/strong> Des gadgets pour qu\u2019elle puisse le retrouver plus facilement !\u00a0<\/p>\n<p>Si, pour la plupart des personnes, le t\u00e9l\u00e9phone est devenu un \u00e9l\u00e9ment indispensable du quotidien, il ne semble \u00eatre qu\u2019accessoire pour la princesse de Galles. La maman de <a target=\"_blank\" href=\"https:\/\/www.pointdevue.fr\/grand-angle\/biographies\/prince-george\" rel=\"noopener\">George<\/a>, <a target=\"_blank\" href=\"https:\/\/www.pointdevue.fr\/grand-angle\/biographies\/princesse-charlotte\" rel=\"noopener\">Charlotte<\/a> et <a target=\"_blank\" href=\"https:\/\/www.pointdevue.fr\/grand-angle\/biographies\/prince-louis\" rel=\"noopener\">Louis<\/a>, rappelle r\u00e9guli\u00e8rement l\u2019importance de se d\u00e9connecter, notamment des r\u00e9seaux sociaux. <strong>Et en ce qui concerne les enfants ? M\u00eame combat. <\/strong>Tr\u00e8s engag\u00e9e en faveur du d\u00e9veloppement des plus jeunes, elle ne pr\u00e9conise \u00e9videmment pas de les exposer aux \u00e9crans d\u00e8s leur plus jeune \u00e2ge. Un conseil qu\u2019elle applique avec ses propres enfants puisque le prince William a r\u00e9cemment r\u00e9v\u00e9l\u00e9 que ni George, ni Charlotte, ni Louis n\u2019ont de t\u00e9l\u00e9phone portable.\u00a0<\/p>\n<p><strong>\u00a0Lire aussi &gt;&gt; <\/strong><a target=\"_blank\" href=\"https:\/\/www.pointdevue.fr\/royal\/royaume-uni\/kate-et-william-partagent-les-plus-beaux-moments-de-leur-annee-2025\" rel=\"noopener\">Kate et William partagent les plus beaux moments de leur ann\u00e9e 2025<\/a><\/p>\n<p><a href=\"https:\/\/www.pointdevue.fr\/lifestyle\/bien-etre\/quiz-royal-testez-votre-expertise-et-gagnez-des-cadeaux-dexception\" target=\"_blank\" rel=\"noopener\"><img decoding=\"async\" src=\"https:\/\/www.europesays.com\/fr\/wp-content\/uploads\/2025\/12\/605x385GUOAXudAF3.jpg\" alt=\"Testez votre expertise royaut\u00e9\"\/><\/a><strong>Testez votre expertise royaut\u00e9 et tentez de remporter de nombreux lots.<\/strong> \u00a9 Point de Vue<\/p>\n","protected":false},"excerpt":{"rendered":"Apr\u00e8s avoir appris que Kate enlevait volontiers ses chaussures quand elle arrive chez des particuliers, une autre anecdote&hellip;\n","protected":false},"author":2,"featured_media":638540,"comment_status":"","ping_status":"","sticky":false,"template":"","format":"standard","meta":{"footnotes":""},"categories":[1588],"tags":[11,1777,674,12,473,1853,1851,1850,1852],"class_list":{"0":"post-638539","1":"post","2":"type-post","3":"status-publish","4":"format-standard","5":"has-post-thumbnail","7":"category-royaume-uni","8":"tag-actualites","9":"tag-eu","10":"tag-europe","11":"tag-news","12":"tag-royaume-uni","13":"tag-royaume-uni-de-grande-bretagne-et-dirlande-du-nord","14":"tag-uk","15":"tag-united-kingdom","16":"tag-united-kingdom-of-great-britain-and-northern-ireland"},"share_on_mastodon":{"url":"https:\/\/pubeurope.com\/@fr\/115831867068816678","error":""},"_links":{"self":[{"href":"https:\/\/www.europesays.com\/fr\/wp-json\/wp\/v2\/posts\/638539","targetHints":{"allow":["GET"]}}],"collection":[{"href":"https:\/\/www.europesays.com\/fr\/wp-json\/wp\/v2\/posts"}],"about":[{"href":"https:\/\/www.europesays.com\/fr\/wp-json\/wp\/v2\/types\/post"}],"author":[{"embeddable":true,"href":"https:\/\/www.europesays.com\/fr\/wp-json\/wp\/v2\/users\/2"}],"replies":[{"embeddable":true,"href":"https:\/\/www.europesays.com\/fr\/wp-json\/wp\/v2\/comments?post=638539"}],"version-history":[{"count":0,"href":"https:\/\/www.europesays.com\/fr\/wp-json\/wp\/v2\/posts\/638539\/revisions"}],"wp:featuredmedia":[{"embeddable":true,"href":"https:\/\/www.europesays.com\/fr\/wp-json\/wp\/v2\/media\/638540"}],"wp:attachment":[{"href":"https:\/\/www.europesays.com\/fr\/wp-json\/wp\/v2\/media?parent=638539"}],"wp:term":[{"taxonomy":"category","embeddable":true,"href":"https:\/\/www.europesays.com\/fr\/wp-json\/wp\/v2\/categories?post=638539"},{"taxonomy":"post_tag","embeddable":true,"href":"https:\/\/www.europesays.com\/fr\/wp-json\/wp\/v2\/tags?post=638539"}],"curies":[{"name":"wp","href":"https:\/\/api.w.org\/{rel}","templated":true}]}}