{"id":638541,"date":"2026-01-03T15:26:12","date_gmt":"2026-01-03T15:26:12","guid":{"rendered":"https:\/\/www.europesays.com\/fr\/638541\/"},"modified":"2026-01-03T15:26:12","modified_gmt":"2026-01-03T15:26:12","slug":"allemagne-coupure-delectricite-a-berlin-apres-un-incendie-de-cables-presume-criminel","status":"publish","type":"post","link":"https:\/\/www.europesays.com\/fr\/638541\/","title":{"rendered":"Allemagne. Coupure d&rsquo;\u00e9lectricit\u00e9 \u00e0 Berlin apr\u00e8s un incendie de c\u00e2bles pr\u00e9sum\u00e9 criminel"},"content":{"rendered":"<p>Des dizaines de milliers de foyers ont \u00e9t\u00e9 priv\u00e9s d&rsquo;\u00e9lectricit\u00e9 samedi \u00e0 Berlin apr\u00e8s l&rsquo;incendie de c\u00e2bles \u00e9lectriques, que la police soup\u00e7onne d&rsquo;\u00eatre d&rsquo;origine criminelle.<\/p>\n<p>Les services de secours ont \u00e9t\u00e9 alert\u00e9s \u00e0 6h45 de l&rsquo;incendie de plusieurs c\u00e2bles sur un pont, pr\u00e8s d\u2019une centrale \u00e9lectrique de la capitale allemande.<\/p>\n<p>Ce contenu est bloqu\u00e9 car vous n&rsquo;avez pas accept\u00e9 les cookies et autres traceurs.<\/p>\n<p>En cliquant sur \u00ab J\u2019accepte \u00bb, les cookies et autres traceurs seront d\u00e9pos\u00e9s et vous pourrez visualiser les contenus  (<a href=\"\" class=\"consentModule_policy\" target=\"_blank\" title=\"Consulter la politique de protection des donn\u00e9es du fournisseur\">plus d&rsquo;informations<\/a>).<\/p>\n<p>En cliquant sur \u00ab J\u2019accepte tous les cookies \u00bb, vous autorisez des d\u00e9p\u00f4ts de cookies et autres traceurs pour le stockage de vos donn\u00e9es sur nos sites et applications \u00e0 des fins de personnalisation et de ciblage publicitaire.<\/p>\n<p class=\"consentModule_secondaryText\">Vous gardez la possibilit\u00e9 de retirer votre consentement \u00e0 tout moment en consultant notre <a href=\"https:\/\/www.ledauphine.com\/protection-des-donnees\" target=\"_blank\" title=\"Consulter notre politique de protection des donn\u00e9es\" rel=\"noopener\">politique de protection des donn\u00e9es<\/a>. <br \/>&#13;<br \/>\n            <a href=\"https:\/\/www.ledauphine.com\/faits-divers-justice\/2026\/01\/03\/javascript:Didomi.notice.show()\" class=\"consentModule_cmp\" target=\"_blank\" rel=\"noopener\">G\u00e9rer mes choix<\/a>&#13;\n        <\/p>\n<p>&#13;<br \/>\n                        J&rsquo;accepte&#13;<br \/>\n            J&rsquo;accepte tous les cookies&#13;\n        <\/p>\n<p>Les pompiers ont rapidement \u00e9teint le feu, mais environ 45 000 m\u00e9nages et 2 200 entreprises du sud-ouest de Berlin se sont retrouv\u00e9s sans courant, selon l&rsquo;op\u00e9rateur du r\u00e9seau Stromnetz Berlin.<\/p>\n<p>Un r\u00e9tablissement progressif<\/p>\n<p>Son porte-parole, Henrik Beuster, a d\u00e9clar\u00e9 que l&rsquo;op\u00e9rateur \u00ab s&rsquo;effor\u00e7ait de r\u00e9tablir progressivement l&rsquo;\u00e9lectricit\u00e9 \u00bb, sans pouvoir pr\u00e9ciser \u00e0 quel moment elle le serait totalement.<\/p>\n<p>La police a indiqu\u00e9, dans un post sur le r\u00e9seau social X, avoir d\u00e9ploy\u00e9 environ 160 agents sur site, dans le quartier de Lichterfelde, et \u00ab enqu\u00eater sur des soup\u00e7ons d\u2019incendie criminel \u00bb.<\/p>\n<p>Elle a averti les r\u00e9sidents concern\u00e9s que les syst\u00e8mes de chauffage pourraient ne pas fonctionner en raison de la panne, les a exhort\u00e9s \u00e0 utiliser leurs t\u00e9l\u00e9phones portables avec parcimonie et \u00e0 s\u2019assurer qu\u2019ils disposent de lampes de poche..<\/p>\n","protected":false},"excerpt":{"rendered":"Des dizaines de milliers de foyers ont \u00e9t\u00e9 priv\u00e9s d&rsquo;\u00e9lectricit\u00e9 samedi \u00e0 Berlin apr\u00e8s l&rsquo;incendie de c\u00e2bles \u00e9lectriques,&hellip;\n","protected":false},"author":2,"featured_media":638542,"comment_status":"","ping_status":"","sticky":false,"template":"","format":"standard","meta":{"footnotes":""},"categories":[1587],"tags":[11,672,1804,1805,1803,893,1777,674,274,107,329,1801,12,1802],"class_list":{"0":"post-638541","1":"post","2":"type-post","3":"status-publish","4":"format-standard","5":"has-post-thumbnail","7":"category-allemagne","8":"tag-actualites","9":"tag-allemagne","10":"tag-bundesrepublik-deutschland","11":"tag-de","12":"tag-deutschland","13":"tag-energie","14":"tag-eu","15":"tag-europe","16":"tag-faits-divers-justice","17":"tag-fil-info","18":"tag-france-monde","19":"tag-germany","20":"tag-news","21":"tag-republique-federale-dallemagne"},"share_on_mastodon":{"url":"https:\/\/pubeurope.com\/@fr\/115831870854127845","error":""},"_links":{"self":[{"href":"https:\/\/www.europesays.com\/fr\/wp-json\/wp\/v2\/posts\/638541","targetHints":{"allow":["GET"]}}],"collection":[{"href":"https:\/\/www.europesays.com\/fr\/wp-json\/wp\/v2\/posts"}],"about":[{"href":"https:\/\/www.europesays.com\/fr\/wp-json\/wp\/v2\/types\/post"}],"author":[{"embeddable":true,"href":"https:\/\/www.europesays.com\/fr\/wp-json\/wp\/v2\/users\/2"}],"replies":[{"embeddable":true,"href":"https:\/\/www.europesays.com\/fr\/wp-json\/wp\/v2\/comments?post=638541"}],"version-history":[{"count":0,"href":"https:\/\/www.europesays.com\/fr\/wp-json\/wp\/v2\/posts\/638541\/revisions"}],"wp:featuredmedia":[{"embeddable":true,"href":"https:\/\/www.europesays.com\/fr\/wp-json\/wp\/v2\/media\/638542"}],"wp:attachment":[{"href":"https:\/\/www.europesays.com\/fr\/wp-json\/wp\/v2\/media?parent=638541"}],"wp:term":[{"taxonomy":"category","embeddable":true,"href":"https:\/\/www.europesays.com\/fr\/wp-json\/wp\/v2\/categories?post=638541"},{"taxonomy":"post_tag","embeddable":true,"href":"https:\/\/www.europesays.com\/fr\/wp-json\/wp\/v2\/tags?post=638541"}],"curies":[{"name":"wp","href":"https:\/\/api.w.org\/{rel}","templated":true}]}}