{"id":638545,"date":"2026-01-03T15:28:12","date_gmt":"2026-01-03T15:28:12","guid":{"rendered":"https:\/\/www.europesays.com\/fr\/638545\/"},"modified":"2026-01-03T15:28:12","modified_gmt":"2026-01-03T15:28:12","slug":"conflit-etats-unis-venezuela-lue-appelle-a-la-retenue-au-venezuela-dit-kallas-apres-un-echange-avec-rubio","status":"publish","type":"post","link":"https:\/\/www.europesays.com\/fr\/638545\/","title":{"rendered":"Conflit Etats-Unis-Venezuela &#8211; L&rsquo;UE appelle \u00e0 la \u00ab\u00a0retenue\u00a0\u00bb au Venezuela, dit Kallas apr\u00e8s un \u00e9change avec Rubio"},"content":{"rendered":"<p class=\"ap-StoryElement ap-StoryElement--mb ap-StoryText\">L&rsquo;Union europ\u00e9enne \u00ab\u00a0suit de pr\u00e8s\u00a0\u00bb l&rsquo;\u00e9volution de la situation au Venezuela, et la s\u00e9curit\u00e9 des citoyens de l&rsquo;UE dans ce pays d&rsquo;Am\u00e9rique du Sud est \u00ab\u00a0notre priorit\u00e9 absolue\u00a0\u00bb, a aussi indiqu\u00e9 l&rsquo;ex-Premi\u00e8re ministre estonienne.<\/p>\n<p class=\"ap-StoryElement ap-StoryElement--mb ap-StoryText\">Les relations entre l&rsquo;UE et Nicolas Maduro sont tr\u00e8s tendues depuis la r\u00e9\u00e9lection contest\u00e9e de ce dernier en 2024, qui avait donn\u00e9 lieu \u00e0 des manifestations r\u00e9prim\u00e9es dans le sang.<\/p>\n<p class=\"ap-StoryElement ap-StoryElement--mb ap-StoryText\">En janvier 2025, le jour de son investiture \u00e0 la t\u00eate du Venezuela pour un troisi\u00e8me mandat, l&rsquo;UE avait d\u00e9clar\u00e9 que M. Maduro n&rsquo;avait \u00ab\u00a0aucune l\u00e9gitimit\u00e9 d\u00e9mocratique\u00a0\u00bb.<\/p>\n<p class=\"ap-StoryElement ap-StoryElement--mb ap-StoryText\">Plusieurs Etats membres avaient dit ne pas reconna\u00eetre les r\u00e9sultats \u00e9lectoraux, certains parmi lesquels l&rsquo;Italie consid\u00e9rant l&rsquo;opposant Edmundo Gonzalez Urrutia comme le pr\u00e9sident \u00e9lu du pays.<\/p>\n<p class=\"ap-StoryElement ap-StoryElement--mb ap-StoryText\">Edmundo Gonzalez Urrutia a trouv\u00e9 refuge en Espagne, pays qui s&rsquo;est propos\u00e9 samedi comme m\u00e9diateur pour parvenir \u00e0 \u00ab\u00a0une solution pacifique et n\u00e9goci\u00e9e\u00a0\u00bb \u00e0 la crise actuelle au Venezuela.<\/p>\n","protected":false},"excerpt":{"rendered":"L&rsquo;Union europ\u00e9enne \u00ab\u00a0suit de pr\u00e8s\u00a0\u00bb l&rsquo;\u00e9volution de la situation au Venezuela, et la s\u00e9curit\u00e9 des citoyens de l&rsquo;UE&hellip;\n","protected":false},"author":2,"featured_media":25030,"comment_status":"","ping_status":"","sticky":false,"template":"","format":"standard","meta":{"footnotes":""},"categories":[1586],"tags":[11,312,73,1777,674,1779,1011,27,12,25,1778,364,337],"class_list":{"0":"post-638545","1":"post","2":"type-post","3":"status-publish","4":"format-standard","5":"has-post-thumbnail","7":"category-europe","8":"tag-actualites","9":"tag-diplomatie","10":"tag-etats-unis","11":"tag-eu","12":"tag-europe","13":"tag-european-union","14":"tag-fr","15":"tag-france","16":"tag-news","17":"tag-republique-francaise","18":"tag-ue","19":"tag-union-europeenne","20":"tag-venezuela"},"share_on_mastodon":{"url":"https:\/\/pubeurope.com\/@fr\/115831878786639964","error":""},"_links":{"self":[{"href":"https:\/\/www.europesays.com\/fr\/wp-json\/wp\/v2\/posts\/638545","targetHints":{"allow":["GET"]}}],"collection":[{"href":"https:\/\/www.europesays.com\/fr\/wp-json\/wp\/v2\/posts"}],"about":[{"href":"https:\/\/www.europesays.com\/fr\/wp-json\/wp\/v2\/types\/post"}],"author":[{"embeddable":true,"href":"https:\/\/www.europesays.com\/fr\/wp-json\/wp\/v2\/users\/2"}],"replies":[{"embeddable":true,"href":"https:\/\/www.europesays.com\/fr\/wp-json\/wp\/v2\/comments?post=638545"}],"version-history":[{"count":0,"href":"https:\/\/www.europesays.com\/fr\/wp-json\/wp\/v2\/posts\/638545\/revisions"}],"wp:featuredmedia":[{"embeddable":true,"href":"https:\/\/www.europesays.com\/fr\/wp-json\/wp\/v2\/media\/25030"}],"wp:attachment":[{"href":"https:\/\/www.europesays.com\/fr\/wp-json\/wp\/v2\/media?parent=638545"}],"wp:term":[{"taxonomy":"category","embeddable":true,"href":"https:\/\/www.europesays.com\/fr\/wp-json\/wp\/v2\/categories?post=638545"},{"taxonomy":"post_tag","embeddable":true,"href":"https:\/\/www.europesays.com\/fr\/wp-json\/wp\/v2\/tags?post=638545"}],"curies":[{"name":"wp","href":"https:\/\/api.w.org\/{rel}","templated":true}]}}