{"id":638556,"date":"2026-01-03T15:39:12","date_gmt":"2026-01-03T15:39:12","guid":{"rendered":"https:\/\/www.europesays.com\/fr\/638556\/"},"modified":"2026-01-03T15:39:12","modified_gmt":"2026-01-03T15:39:12","slug":"jai-compris-quil-etait-mort-le-biathlete-qui-a-decouvert-le-corps-sans-vie-de-sivert-bakken-prend-la-parole","status":"publish","type":"post","link":"https:\/\/www.europesays.com\/fr\/638556\/","title":{"rendered":"\u00ab\u00a0J\u2019ai compris qu\u2019il \u00e9tait mort\u00a0\u00bb\u2026 Le biathl\u00e8te qui a d\u00e9couvert le corps sans vie de Sivert Bakken prend la parole"},"content":{"rendered":"<p>Dix jours apr\u00e8s le d\u00e9c\u00e8s tragique du biathl\u00e8te norv\u00e9gien <a href=\"https:\/\/www.20minutes.fr\/sport\/biathlon\/4193067-20251224-sivert-bakken-biathlete-norvegien-27-ans-retrouve-mort-chambre-hotel-cause-inconnue\" class=\"c-link c-link--is-underlined\" target=\"_blank\" rel=\"noopener\">Sivert Guttorm Bakken<\/a>, dont le corps sans vie a \u00e9t\u00e9 retrouv\u00e9 dans sa chambre d\u2019h\u00f4tel \u00e0 Lavaze, en Italie, son co\u00e9quipier Johan-Olav Botn a pris la parole pour revenir sur ce terrible drame. C\u2019est lui qui a d\u00e9couvert le corps de son co\u00e9quipier, alors que les deux hommes avaient pr\u00e9vu de faire une sortie \u00e0 ski le matin du 23\u00a0d\u00e9cembre.<\/p>\n<p>\u00ab\u00a0Nous devions aller skier ensemble \u00e0 9 heures ce matin-l\u00e0, et je devais auparavant passer r\u00e9cup\u00e9rer les cl\u00e9s de la voiture dans sa chambre, pour sortir les skis et les b\u00e2tons du coffre, et c\u2019est l\u00e0 que je l\u2019ai trouv\u00e9, a-t-il expliqu\u00e9 au m\u00e9dia norv\u00e9gien <a href=\"https:\/\/www.tv2.no\/sport\/botn-bryter-tausheten-etter-dodsfallet\/18426657\/\" class=\"c-link c-link--is-underlined\" target=\"_blank\" rel=\"noopener\">TV2<\/a>. J\u2019\u00e9tais dans un \u00e9tat de choc total, et de panique. J\u2019ai essay\u00e9 d\u2019appeler les secours mais je n\u2019ai pas r\u00e9ussi \u00e0 les joindre, j\u2019ai couru chercher de l\u2019aide. C\u2019\u00e9tait tr\u00e8s stressant. Mais j\u2019ai vu qu\u2019il \u00e9tait compl\u00e8tement inerte et livide, j\u2019ai compris qu\u2019il \u00e9tait mort. C\u2019est seulement quand l\u2019ambulance est arriv\u00e9e que j\u2019ai commenc\u00e9 \u00e0 comprendre ce qu\u2019il s\u2019\u00e9tait pass\u00e9.\u00a0\u00bb<\/p>\n<p>Premi\u00e8re personne \u00e0 avoir compris que Bakken n\u2019\u00e9tait plus de ce monde, Johan-Olav Botn a confi\u00e9 ressentir \u00ab\u00a0presque une forme de responsabilit\u00e9\u00a0\u00bb, m\u00eame s\u2019il n\u2019est \u00e9videmment pour rien dans la mort de son co\u00e9quipier et ami. \u00ab\u00a0\u00c7a rend le moment tr\u00e8s personnel. Je pense \u00e9norm\u00e9ment \u00e0 sa famille.\u00a0\u00bb<\/p>\n<\/p>\n<p>\u00ab\u00a0Un besoin immense de lui dire au revoir\u00a0\u00bb<\/p>\n<p>Celui-ci a \u00e9galement demand\u00e9 aux gens de ne pas tirer de conclusions h\u00e2tives sur les causes du d\u00e9c\u00e8s de Bakken, qui a \u00e9t\u00e9 retrouv\u00e9 mort alors qu\u2019il portait <a href=\"https:\/\/www.20minutes.fr\/sport\/biathlon\/4193297-20251226-biathlon-fede-norvegienne-deconseille-port-masque-hypoxique-apres-deces-tragique-sivert-bakken\" class=\"c-link c-link--is-underlined\" target=\"_blank\" rel=\"noopener\">un masque hypoxique<\/a>, utilis\u00e9 par les athl\u00e8tes pour recr\u00e9er les conditions d\u2019oxyg\u00e8ne en altitude. \u00ab\u00a0Je souhaite que les gens respectent sa famille, \u00e9vitent toute supposition et attendent la fin de l\u2019enqu\u00eate pour tirer des conclusions. Sivert n\u2019a rien fait d\u2019ill\u00e9gal, et nous respectons la loi norv\u00e9gienne et les r\u00e8gles de l\u2019AMA.\u00a0\u00bb<\/p>\n<p>Si la date des fun\u00e9railles du natif de Lillehammer n\u2019est pas encore connue, elles pourraient avoir lieu en m\u00eame temps que la prochaine \u00e9tape de Coupe du monde, \u00e0 Oberhof, qui se tiendra du 8 au 11\u00a0janvier. \u00ab\u00a0J\u2019ai besoin de revenir au quotidien, de retrouver l\u2019entra\u00eenement et mes routines mais j\u2019ai un besoin immense de lui dire au revoir une derni\u00e8re fois. Je donnerai la priorit\u00e9 aux fun\u00e9railles plut\u00f4t qu\u2019\u00e0 la Coupe du monde\u00a0\u00bb, a indiqu\u00e9 l\u2019actuel leader du classement g\u00e9n\u00e9ral.<\/p>\n","protected":false},"excerpt":{"rendered":"Dix jours apr\u00e8s le d\u00e9c\u00e8s tragique du biathl\u00e8te norv\u00e9gien Sivert Guttorm Bakken, dont le corps sans vie a&hellip;\n","protected":false},"author":2,"featured_media":638557,"comment_status":"","ping_status":"","sticky":false,"template":"","format":"standard","meta":{"footnotes":""},"categories":[1411],"tags":[4130,1154,207,3983,1011,27,673,517,60,9589],"class_list":{"0":"post-638556","1":"post","2":"type-post","3":"status-publish","4":"format-standard","5":"has-post-thumbnail","7":"category-cyclisme","8":"tag-biathlon","9":"tag-cycling","10":"tag-cyclisme","11":"tag-deces","12":"tag-fr","13":"tag-france","14":"tag-norvege","15":"tag-sport","16":"tag-sports","17":"tag-sports-dhiver"},"share_on_mastodon":{"url":"https:\/\/pubeurope.com\/@fr\/115831921946160845","error":""},"_links":{"self":[{"href":"https:\/\/www.europesays.com\/fr\/wp-json\/wp\/v2\/posts\/638556","targetHints":{"allow":["GET"]}}],"collection":[{"href":"https:\/\/www.europesays.com\/fr\/wp-json\/wp\/v2\/posts"}],"about":[{"href":"https:\/\/www.europesays.com\/fr\/wp-json\/wp\/v2\/types\/post"}],"author":[{"embeddable":true,"href":"https:\/\/www.europesays.com\/fr\/wp-json\/wp\/v2\/users\/2"}],"replies":[{"embeddable":true,"href":"https:\/\/www.europesays.com\/fr\/wp-json\/wp\/v2\/comments?post=638556"}],"version-history":[{"count":0,"href":"https:\/\/www.europesays.com\/fr\/wp-json\/wp\/v2\/posts\/638556\/revisions"}],"wp:featuredmedia":[{"embeddable":true,"href":"https:\/\/www.europesays.com\/fr\/wp-json\/wp\/v2\/media\/638557"}],"wp:attachment":[{"href":"https:\/\/www.europesays.com\/fr\/wp-json\/wp\/v2\/media?parent=638556"}],"wp:term":[{"taxonomy":"category","embeddable":true,"href":"https:\/\/www.europesays.com\/fr\/wp-json\/wp\/v2\/categories?post=638556"},{"taxonomy":"post_tag","embeddable":true,"href":"https:\/\/www.europesays.com\/fr\/wp-json\/wp\/v2\/tags?post=638556"}],"curies":[{"name":"wp","href":"https:\/\/api.w.org\/{rel}","templated":true}]}}