{"id":638558,"date":"2026-01-03T15:40:11","date_gmt":"2026-01-03T15:40:11","guid":{"rendered":"https:\/\/www.europesays.com\/fr\/638558\/"},"modified":"2026-01-03T15:40:11","modified_gmt":"2026-01-03T15:40:11","slug":"cet-ancien-de-lol-qui-fait-saliver-didier-deschamps","status":"publish","type":"post","link":"https:\/\/www.europesays.com\/fr\/638558\/","title":{"rendered":"Cet ancien de l&rsquo;OL qui fait saliver Didier Deschamps"},"content":{"rendered":"<p><b>Voir Pierre Kalulu avec les Bleus \u00e0 la Coupe du monde cet \u00e9t\u00e9, ce ne serait plus une surprise tant Didier Deschamps est \u00e9pat\u00e9 par les performances de l&rsquo;ancien lyonnais, injouable avec la Juventus. <\/b><\/p>\n<p>Des Lyonnais en <a href=\"https:\/\/www.foot01.com\/equipe-de-france\" target=\"_self\" rel=\"noopener\">\u00e9quipe de France<\/a>, c\u2019est une denr\u00e9e rare, y compris \u00e0 l\u2019approche de la Coupe du monde 2026. Corentin Tolisso esp\u00e8re accrocher le wagon bleu dans les prochaines semaines, m\u00eame si le capitaine de l\u2019OL a du mal \u00e0 convaincre Didier Deschamps qu\u2019il est vraiment revenu \u00e0 un niveau digne de l\u2019\u00e9quipe de France. Pour les sympathisants lyonnais qui aimeraient voir leurs joueurs ou au moins leur centre de formation \u00eatre r\u00e9compens\u00e9, une bonne nouvelle peut arriver prochainement.Kalulu, toujours titulaire \u00e0 la Juventus<\/p>\n<p>En effet, selon Tuttosport, le staff tricolore observe de tr\u00e8s pr\u00e8s les performances de Pierre Kalulu. Le natif de Lyon est un pur produit du centre de formation de l\u2019OL m\u00eame si c\u2019est au Milan AC puis \u00e0 la Juventus qu\u2019il a franchi de gros caps dans sa carri\u00e8re. Sa r\u00e9gularit\u00e9 (17 titularisations en 17 matchs, jamais remplac\u00e9), son abn\u00e9gation et le fait qu\u2019il commette tr\u00e8s peu d\u2019erreurs ont marqu\u00e9 les esprits du staff de Didier Deschamps. Avec la Juventus, il a encore \u00e9t\u00e9 \u00e9norme la semaine derni\u00e8re contre Pise, avec un but \u00e0 la cl\u00e9 qui plus est. Selon la presse italienne, Pierre Kalulu a re\u00e7u des signaux tr\u00e8s positifs et il peut d\u00e9sormais envisager une pr\u00e9sence \u00e0 la Coupe du monde.<\/p>\n<p>La concurrence est assez terrible en \u00e9quipe de France au poste de d\u00e9fenseur central, mais entre les blessures et les performances irr\u00e9guli\u00e8res, personne ne s\u2019impose vraiment comme incontournable. De quoi relancer une concurrence inattendue avec ce pur lyonnais, qui a n\u00e9anmoins du attendre son envol de Lyon pour exploser. De quoi donner des gros regrets \u00e0 l\u2019OL, qui n\u2019a jamais pu profiter de son d\u00e9fenseur, parti tr\u00e8s t\u00f4t pour une bouch\u00e9e de pain et qui poss\u00e8de d\u00e9sormais une valeur marchande sup\u00e9rieure \u00e0 20 millions d\u2019euros.<\/p>\n<p>En 2020, dans une saison marqu\u00e9e par le Covid, Pierre Kalulu n\u2019avait finalement pas sign\u00e9 professionnel \u00e0 l\u2019OL, ne rapportant que les indemnit\u00e9s de formation \u00e0 Lyon.<\/p>\n","protected":false},"excerpt":{"rendered":"Voir Pierre Kalulu avec les Bleus \u00e0 la Coupe du monde cet \u00e9t\u00e9, ce ne serait plus une&hellip;\n","protected":false},"author":2,"featured_media":638559,"comment_status":"","ping_status":"","sticky":false,"template":"","format":"standard","meta":{"footnotes":""},"categories":[1410],"tags":[64,63,1011,27,49871,241,60],"class_list":{"0":"post-638558","1":"post","2":"type-post","3":"status-publish","4":"format-standard","5":"has-post-thumbnail","7":"category-football","8":"tag-equipe-de-france","9":"tag-football","10":"tag-fr","11":"tag-france","12":"tag-mondial-2026","13":"tag-ol","14":"tag-sports"},"share_on_mastodon":{"url":"https:\/\/pubeurope.com\/@fr\/115831925941683936","error":""},"_links":{"self":[{"href":"https:\/\/www.europesays.com\/fr\/wp-json\/wp\/v2\/posts\/638558","targetHints":{"allow":["GET"]}}],"collection":[{"href":"https:\/\/www.europesays.com\/fr\/wp-json\/wp\/v2\/posts"}],"about":[{"href":"https:\/\/www.europesays.com\/fr\/wp-json\/wp\/v2\/types\/post"}],"author":[{"embeddable":true,"href":"https:\/\/www.europesays.com\/fr\/wp-json\/wp\/v2\/users\/2"}],"replies":[{"embeddable":true,"href":"https:\/\/www.europesays.com\/fr\/wp-json\/wp\/v2\/comments?post=638558"}],"version-history":[{"count":0,"href":"https:\/\/www.europesays.com\/fr\/wp-json\/wp\/v2\/posts\/638558\/revisions"}],"wp:featuredmedia":[{"embeddable":true,"href":"https:\/\/www.europesays.com\/fr\/wp-json\/wp\/v2\/media\/638559"}],"wp:attachment":[{"href":"https:\/\/www.europesays.com\/fr\/wp-json\/wp\/v2\/media?parent=638558"}],"wp:term":[{"taxonomy":"category","embeddable":true,"href":"https:\/\/www.europesays.com\/fr\/wp-json\/wp\/v2\/categories?post=638558"},{"taxonomy":"post_tag","embeddable":true,"href":"https:\/\/www.europesays.com\/fr\/wp-json\/wp\/v2\/tags?post=638558"}],"curies":[{"name":"wp","href":"https:\/\/api.w.org\/{rel}","templated":true}]}}