{"id":638562,"date":"2026-01-03T15:42:19","date_gmt":"2026-01-03T15:42:19","guid":{"rendered":"https:\/\/www.europesays.com\/fr\/638562\/"},"modified":"2026-01-03T15:42:19","modified_gmt":"2026-01-03T15:42:19","slug":"12-artistes-que-vous-allez-adorer-decouvrir-en-2026","status":"publish","type":"post","link":"https:\/\/www.europesays.com\/fr\/638562\/","title":{"rendered":"12 artistes que vous allez adorer d\u00e9couvrir en 2026"},"content":{"rendered":"<p class=\"editor-content__paragraph\">Si 2026\u00a0rec\u00e8le son lot d\u2019<a href=\"https:\/\/www.beauxarts.com\/expos\/monet-hilma-af-klint-martin-parr-matisse-les-plus-belles-expos-a-voir-en-2026\/\" target=\"_blank\" rel=\"noopener\">expositions \u00e9v\u00e9nements consacr\u00e9es aux grand noms de l\u2019art<\/a>, les<strong> mus\u00e9es de toute la France<\/strong> en profiteront aussi pour <strong>mettre en lumi\u00e8re des artistes m\u00e9connus<\/strong> et ainsi faire conna\u00eetre leurs \u0153uvres riches en surprises.<\/p>\n<p class=\"editor-content__paragraph\">Des merveilleux paysages Alpins du peintre <strong>Giovanni Segantini<\/strong> <strong>au mus\u00e9e Marmottan Monet <\/strong>aux portraits am\u00e9ricains de la photographe <strong>Dana Lixenberg \u00e0 la MEP<\/strong>, en passant par le Hongrois <strong>K\u00e1roly Ferenczy<\/strong> au Petit Palais et par la surr\u00e9aliste <strong>Leonora Carrington <\/strong>au mus\u00e9e du Luxembourg, l\u2019ann\u00e9e s\u2019annonce remplie de <strong>belles rencontres<\/strong>\u00a0!<\/p>\n<p>K\u00e1roly Ferenczy, le Hongrois inconnu au Petit Palais<\/p>\n<p>    <img loading=\"lazy\" decoding=\"async\" class=\"image__img\" src=\"https:\/\/www.europesays.com\/fr\/wp-content\/uploads\/2026\/01\/web4_ferenczy_chant_d_oiseau_1893-964x1390.jpg\" alt=\"K\u00e1roly Ferenczy, Chant d\u2019oiseau\" width=\"964\" height=\"1390\"\/><\/p>\n<p>K\u00e1roly Ferenczy, Chant d\u2019oiseau, 1893<\/p>\n<p>    i<\/p>\n<p class=\"legende__cartel\">Coll. et \u00a9 Museum of Fine Arts \u2013 Hungarian National Gallery, Budapest.<\/p>\n<p class=\"editor-content__paragraph\">Nouvelle d\u00e9couverte en vue au <strong>Petit Palais<\/strong> avec ce focus sur <strong>K\u00e1roly Ferenczy<\/strong> (1862\u20131917), <strong> peintre hongrois<\/strong> encore largement m\u00e9connu en France mais c\u00e9l\u00e9brit\u00e9 dans son pays, o\u00f9 il est <strong>consid\u00e9r\u00e9 comme le p\u00e8re de la modernit\u00e9<\/strong>. N\u00e9 dans l\u2019Empire austro-hongrois, form\u00e9 \u00e0 Vienne, Naples puis Paris (\u00e0 l\u2019Acad\u00e9mie Julian), cet <strong>artiste visc\u00e9ralement europ\u00e9en<\/strong> a inscrit sa peinture <strong>dans le courant r\u00e9aliste<\/strong> de Jules Bastien-Lepage, en plus joyeux et avec une singularit\u00e9\u00a0: sa capacit\u00e9 \u00e0 produire <strong>des cadrages et des coloris singuliers<\/strong>.<strong> S.F.<\/strong><\/p>\n<p>  Arrow<\/p>\n<p>K\u00e0roly Ferenczy. Modernit\u00e9 hongroise<\/p>\n<p>Du 14 avril 2026 au 6 septembre 2026<\/p>\n<p class=\"url-expo\"><a href=\"https:\/\/www.petitpalais.paris.fr\/expositions\/karoly-ferenczy\" target=\"_blank\" rel=\"noopener\">www.petitpalais.paris.fr<\/a><\/p>\n<p class=\"annexe-content__infos\">Petit Palais \u2022 Avenue Winston Churchill \u2022 75008 Paris<br \/><a href=\"http:\/\/www.petitpalais.paris.fr\/\" target=\"_blank\" rel=\"noopener\">www.petitpalais.paris.fr<\/a><\/p>\n<p>Segantini enfin au sommet au mus\u00e9e Marmottan Monet<\/p>\n<p>            <strong>Continuez votre lecture<\/strong><\/p>\n<p>\n                et acc\u00e9dez \u00e0 Beaux Arts Magazine<br \/>et \u00e0 tous les contenus web<br \/><strong>en illimit\u00e9 \u00e0 partir de 5,75\u20ac \/ mois<\/strong>\n            <\/p>\n<p class=\"cta-abonnement__log-in\">\n        D\u00e9j\u00e0 abonn\u00e9 ?        <a data-id=\"aHR0cHM6Ly93d3cuYmVhdXhhcnRzLmNvbS9tb24tY29tcHRlLw==\">Connectez-vous<\/a>\n    <\/p>\n<p>            <img data-vllblanksrc=\"https:\/\/www.beauxarts.com\/expos\/ces-artistes-que-vous-allez-adorer-decouvrir-en-2026\/1\" data-vllsrc=\"https:\/\/www.europesays.com\/fr\/wp-content\/uploads\/2026\/01\/couv-bam-499-232x300.png\" alt=\"\"\/><img data-vllblanksrc=\"https:\/\/www.beauxarts.com\/expos\/ces-artistes-que-vous-allez-adorer-decouvrir-en-2026\/1\" data-vllsrc=\"https:\/\/www.europesays.com\/fr\/wp-content\/uploads\/2025\/12\/couv-bam-498-232x300.png\" alt=\"\"\/>        <\/p>\n","protected":false},"excerpt":{"rendered":"Si 2026\u00a0rec\u00e8le son lot d\u2019expositions \u00e9v\u00e9nements consacr\u00e9es aux grand noms de l\u2019art, les mus\u00e9es de toute la France&hellip;\n","protected":false},"author":2,"featured_media":638563,"comment_status":"","ping_status":"","sticky":false,"template":"","format":"standard","meta":{"footnotes":""},"categories":[1358],"tags":[1348,1384,1385,1386,58,59,1011,27],"class_list":{"0":"post-638562","1":"post","2":"type-post","3":"status-publish","4":"format-standard","5":"has-post-thumbnail","7":"category-arts-et-design","8":"tag-arts","9":"tag-arts-and-design","10":"tag-arts-et-design","11":"tag-design","12":"tag-divertissement","13":"tag-entertainment","14":"tag-fr","15":"tag-france"},"share_on_mastodon":{"url":"https:\/\/pubeurope.com\/@fr\/115831933699531800","error":""},"_links":{"self":[{"href":"https:\/\/www.europesays.com\/fr\/wp-json\/wp\/v2\/posts\/638562","targetHints":{"allow":["GET"]}}],"collection":[{"href":"https:\/\/www.europesays.com\/fr\/wp-json\/wp\/v2\/posts"}],"about":[{"href":"https:\/\/www.europesays.com\/fr\/wp-json\/wp\/v2\/types\/post"}],"author":[{"embeddable":true,"href":"https:\/\/www.europesays.com\/fr\/wp-json\/wp\/v2\/users\/2"}],"replies":[{"embeddable":true,"href":"https:\/\/www.europesays.com\/fr\/wp-json\/wp\/v2\/comments?post=638562"}],"version-history":[{"count":0,"href":"https:\/\/www.europesays.com\/fr\/wp-json\/wp\/v2\/posts\/638562\/revisions"}],"wp:featuredmedia":[{"embeddable":true,"href":"https:\/\/www.europesays.com\/fr\/wp-json\/wp\/v2\/media\/638563"}],"wp:attachment":[{"href":"https:\/\/www.europesays.com\/fr\/wp-json\/wp\/v2\/media?parent=638562"}],"wp:term":[{"taxonomy":"category","embeddable":true,"href":"https:\/\/www.europesays.com\/fr\/wp-json\/wp\/v2\/categories?post=638562"},{"taxonomy":"post_tag","embeddable":true,"href":"https:\/\/www.europesays.com\/fr\/wp-json\/wp\/v2\/tags?post=638562"}],"curies":[{"name":"wp","href":"https:\/\/api.w.org\/{rel}","templated":true}]}}