{"id":638566,"date":"2026-01-03T15:45:17","date_gmt":"2026-01-03T15:45:17","guid":{"rendered":"https:\/\/www.europesays.com\/fr\/638566\/"},"modified":"2026-01-03T15:45:17","modified_gmt":"2026-01-03T15:45:17","slug":"il-y-a-des-gens-qui-prennent-du-valium-moi-je","status":"publish","type":"post","link":"https:\/\/www.europesays.com\/fr\/638566\/","title":{"rendered":"Il y a des gens qui prennent du Valium, moi je&#8230;"},"content":{"rendered":"<p>\n                            A 65\u00a0ans, le chanteur Stephan Eicher sort un nouvel album et donne de ses nouvelles. La retraite, la notori\u00e9t\u00e9&#8230; Il se livre sans langue de bois.<\/p>\n<p>Bien que discret,\u00a0Stephan Eicher continue d&rsquo;encha\u00eener les albums. Son dernier en date, intitul\u00e9\u00a0Poussi\u00e8re d&rsquo;or, est paru en novembre dernier. D\u00e9sormais \u00e2g\u00e9 de 65 ans, le chanteur suisse ne compte pas se retirer de sit\u00f4t\u2026<\/p>\n<p>Stephan Eicher pr\u00eat pour la retraite ?<\/p>\n<p>L&rsquo;artiste a \u00e9t\u00e9 interrog\u00e9 par France Info pour la sortie de ce nouveau disque et n&rsquo;a pas \u00e9chapp\u00e9 \u00e0 une question sur la retraite. Malgr\u00e9 ses 40 ans de carri\u00e8re, l&rsquo;interpr\u00e8te du tube\u00a0D\u00e9jeuner en paix est cat\u00e9gorique et a d&rsquo;ailleurs apport\u00e9 une r\u00e9ponse laconique : c&rsquo;est \u00ab\u00a0non\u00a0\u00bb ! Chanter et faire de la musique &#8211; il joue de la guitare et a h\u00e9rit\u00e9 d&rsquo;un accord\u00e9on -, c&rsquo;est son bonheur quotidien. \u00ab\u00a0J&rsquo;adore ma vie. J&rsquo;esp\u00e8re que je peux vous le faire sentir, m\u00eame avec des chansons m\u00e9lancoliques\u00a0\u00bb, a-t-il ajout\u00e9.<\/p>\n<p><a class=\"fancy\" href=\"https:\/\/img-3.journaldesfemmes.fr\/-GDw3QhyPKCYmOIgLo3xAicaEC8=\/1080x\/smart\/243886308aef472b80e88450a66907fb\/ccmcms-jdf\/40061276.jpg\" target=\"_blank\" rel=\"noopener\"><img decoding=\"async\" alt=\"\" src=\"https:\/\/www.europesays.com\/fr\/wp-content\/uploads\/2026\/01\/40061276.jpg\"\/><\/a><\/p>\n<p>\u00a9\u00a0Alain ROBERT\/SIPA <\/p>\n<p>L&rsquo;artiste, p\u00e8re de deux enfants, n&rsquo;est toutefois pas un hyperactif et s&rsquo;il n&rsquo;envisage pas de passer ses vieux jours \u00e0 rien faire, il sait aussi simplement profiter de la vie loin des studios d&rsquo;enregistrement ou des salles de concert. \u00ab\u00a0Je sais glander, je suis un grand promeneur (&#8230;) prendre soin de ma famille, de mes amis, \u00e9crire des chansons, faire un bon concert\u00a0: j&rsquo;ai l&rsquo;arrogance de dire que je sais un petit peu faire\u00a0\u00bb, pr\u00e9cise-t-il cette fois aupr\u00e8s de Sud Ouest.<\/p>\n<p>Que fait Stephan Eicher de son temps libre ?<\/p>\n<p>Le chanteur, qui estime qu&rsquo;on \u00ab\u00a0l&rsquo;appr\u00e9cie un petit peu plus ici qu&rsquo;en Suisse\u00a0\u00bb, confirmant l&rsquo;adage que nul n&rsquo;est proph\u00e8te en son pays, n&rsquo;a pas que la passion de la musique dans la vie. Depuis des ann\u00e9es, Stephan Eicher voue aussi un amour particulier au dessin.\u00a0\u00ab\u00a0Je dessine beaucoup parce que \u00e7a me calme. Il y a des gens qui prennent du Valium, moi je dessine. J&rsquo;adore les post-it\u00a0\u00bb, explique-t-il \u00e0 France Info.<\/p>\n<p>L&rsquo;interpr\u00e8te, que ses fans fran\u00e7ais pourront retrouver sur la mythique sc\u00e8ne parisienne de l&rsquo;Olympia du 19 au 21 f\u00e9vrier 2026, a \u00e9galement fait quelques confidences \u00e0 France Inter, \u00e9voquant ce disque et sa carri\u00e8re. Honn\u00eate,\u00a0Stephan Eicher a ainsi confi\u00e9 : \u00ab\u00a0J&rsquo;ai appris \u00e0 chanter, on peut appeler \u00e7a comme \u00e7a aussi. Je ne suis pas un grand chanteur, mais j&rsquo;adore chanter, j&rsquo;esp\u00e8re qu&rsquo;on entend \u00e7a\u00a0\u00bb.<\/p>\n","protected":false},"excerpt":{"rendered":"A 65\u00a0ans, le chanteur Stephan Eicher sort un nouvel album et donne de ses nouvelles. La retraite, la&hellip;\n","protected":false},"author":2,"featured_media":638567,"comment_status":"","ping_status":"","sticky":false,"template":"","format":"standard","meta":{"footnotes":""},"categories":[1355],"tags":[3723,74584,51761,58,59,51763,1011,27,51766,1361,873,51767],"class_list":{"0":"post-638566","1":"post","2":"type-post","3":"status-publish","4":"format-standard","5":"has-post-thumbnail","7":"category-musique","8":"tag-actus","9":"tag-cms-journaldesfemmes-3252217","10":"tag-controller-content","11":"tag-divertissement","12":"tag-entertainment","13":"tag-format-papier","14":"tag-fr","15":"tag-france","16":"tag-les-histoires-du-jdf","17":"tag-music","18":"tag-musique","19":"tag-parallaxeinfeed"},"share_on_mastodon":{"url":"https:\/\/pubeurope.com\/@fr\/115831945657125090","error":""},"_links":{"self":[{"href":"https:\/\/www.europesays.com\/fr\/wp-json\/wp\/v2\/posts\/638566","targetHints":{"allow":["GET"]}}],"collection":[{"href":"https:\/\/www.europesays.com\/fr\/wp-json\/wp\/v2\/posts"}],"about":[{"href":"https:\/\/www.europesays.com\/fr\/wp-json\/wp\/v2\/types\/post"}],"author":[{"embeddable":true,"href":"https:\/\/www.europesays.com\/fr\/wp-json\/wp\/v2\/users\/2"}],"replies":[{"embeddable":true,"href":"https:\/\/www.europesays.com\/fr\/wp-json\/wp\/v2\/comments?post=638566"}],"version-history":[{"count":0,"href":"https:\/\/www.europesays.com\/fr\/wp-json\/wp\/v2\/posts\/638566\/revisions"}],"wp:featuredmedia":[{"embeddable":true,"href":"https:\/\/www.europesays.com\/fr\/wp-json\/wp\/v2\/media\/638567"}],"wp:attachment":[{"href":"https:\/\/www.europesays.com\/fr\/wp-json\/wp\/v2\/media?parent=638566"}],"wp:term":[{"taxonomy":"category","embeddable":true,"href":"https:\/\/www.europesays.com\/fr\/wp-json\/wp\/v2\/categories?post=638566"},{"taxonomy":"post_tag","embeddable":true,"href":"https:\/\/www.europesays.com\/fr\/wp-json\/wp\/v2\/tags?post=638566"}],"curies":[{"name":"wp","href":"https:\/\/api.w.org\/{rel}","templated":true}]}}