{"id":638580,"date":"2026-01-03T15:52:12","date_gmt":"2026-01-03T15:52:12","guid":{"rendered":"https:\/\/www.europesays.com\/fr\/638580\/"},"modified":"2026-01-03T15:52:12","modified_gmt":"2026-01-03T15:52:12","slug":"les-etats-unis-frappent-le-venezuela-trump-annonce-la-capture-du-president-maduro-mediapart","status":"publish","type":"post","link":"https:\/\/www.europesays.com\/fr\/638580\/","title":{"rendered":"Les \u00c9tats-Unis frappent le Venezuela, Trump annonce la \u00ab capture \u00bb du pr\u00e9sident Maduro &#8211; Mediapart"},"content":{"rendered":"<ol>\n<li><a href=\"https:\/\/news.google.com\/rss\/articles\/CBMi0AFBVV95cUxOZTNpM3ZQY21iVWNrVE9KUTh6MGVjUWxHR0xpczlnTGNINm9qZGFNM3dLeTNqbWl3M1hhdmFhZHRUYmQyRk5BQVBfWk1VYWxSVThBS1c5emxLQzBiTWMyR1FfV0lsMlFSeHVnNExiUGg1OFNwalBEUXlNVzhSMXNab1p6Vi12S3pRX0dnS3BQeXdpREw3cWZwaTgyMHR6QkZfUTdXWXpiYklBSkQ3S0VET3lFSkFCMEpfQXljWVREcFVMeE96OXJJbGpSeWE1RDRD?oc=5\" target=\"_blank\" rel=\"noopener\">Les \u00c9tats-Unis frappent le Venezuela, Trump annonce la \u00ab capture \u00bb du pr\u00e9sident Maduro<\/a>&nbsp;&nbsp;Mediapart<\/li>\n<li><a href=\"https:\/\/news.google.com\/rss\/articles\/CBMipAJBVV95cUxOYWpBUjVtdUJYQm5YTnkwR3ZvV3pGRjRMOWQxS2J6TWZKdmFsSkEtMnBRUDJYNE00NzB1MnBkQ2lIYVFaLUxqbEh3WFRXS3lOWG5STWhiMkxqbkRwS2JtVHBua2RabEhVS2l0SG81SXlsQi1OXzNhenZqQ2syc3k2WFVFdnV4Z3g3Tl9ZQmxQNlFBaTdoSXRubUVPZmFVbGpBZDU1VVhfNmFSejNOSkZpeXFzamhmOFZ4TW9kTEdtMVRHMDN3VUZwbmQzZlh3bWdBNVR2QjNJZ0pWVzVGd1Rrel9yUWZGc0N6QWplbHYyYkVmUFZFQXRzYzJYa0ZmdmRWTDJOVV80eUZOQWZKbVdTNTdlQ1FpcEs0WWhPZENvekNVMnl3?oc=5\" target=\"_blank\" rel=\"noopener\">EN DIRECT, Venezuela : apr\u00e8s avoir \u00e9t\u00e9 captur\u00e9, Nicolas Maduro devra r\u00e9pondre aux Etats-Unis d\u2019accusations li\u00e9es au \u00ab narcoterrorisme \u00bb<\/a>&nbsp;&nbsp;Le Monde.fr<\/li>\n<li><a href=\"https:\/\/news.google.com\/rss\/articles\/CBMiwgFBVV95cUxPVHpZczJmalhFLU1GV00tOU1ER1VNdkJqakdHZURHLWIxYkdtV2xldEwxdTNsdldzRVVOaVlTRmQ5TXEwQXFxWnV3U0w3WEM0VjFsWkxxNmVTUVRFaU00TEk3VGxEYS1lb2lwOGtJRmhxVU1NdzMzalNvWUk5T3huNGxmYUNlVl92bm1IQld2dFoxbjdKcWhrOVNPekJOMVpvdHZZa3Q5Nkozb2MtVF9CVnhaM0FWTzJVNXJiVXZQT2Nidw?oc=5\" target=\"_blank\" rel=\"noopener\">L&rsquo;attaque contre le Venezuela, aboutissement d&rsquo;une longue discorde entre Caracas et Washington<\/a>&nbsp;&nbsp;rts.ch<\/li>\n<li><a href=\"https:\/\/news.google.com\/rss\/articles\/CBMi5wFBVV95cUxPYUxkWUNVRGoxVnlydjhjR0tFQjROQzQ3ajF6V1QySzJJamUweGVWdlltTU5YU0VyZXNtelNwNElvbk91RmtXUVdwMkpsSkpLZVVXU3pQSnVfd3ZpU1c1VU44VFpzWmE1UVQydnNtNHM2OWZtNzgteHRlbjFXLVduc2czc1g1TWNTMS1QblA0bjc1UVh0ZUdOX3p2OG91MGhsSWRoMnJKdmRlWUVweGFYNURpRlBUYjQ0ZGc1MVZubHdOZTRJRmY3NEI1VWhYVlc5aWN3aF9YRXEyRXFvOW04X0xpUnJhZGs?oc=5\" target=\"_blank\" rel=\"noopener\">Pour une fois unanime, la gauche fran\u00e7aise d\u00e9nonce \u00abl\u2019enl\u00e8vement\u00bb de Nicol\u00e1s Maduro<\/a>&nbsp;&nbsp;Lib\u00e9ration<\/li>\n<li><a href=\"https:\/\/news.google.com\/rss\/articles\/CBMimwJBVV95cUxNWVlZdEYxSk4yUzlxSXRIUkYyWVQwQkx3U3V4YXYwR1F4bG41YzR1S0VxYnFKbXV3RDk3d3cxU29tSGVNdm0zV3ZVYXhwR3BNSTNBMlRmcVYxcG9LYnZ5UGJabkVzak45VjliZFVhUFdOSEQyaVR1T0trR0diZjBqbndWejZIdTM1dWpWUVVXZTZYUkxPeWtMb3RrTmpFSHdrbkdvZ0FvbjMyQzc4SkNVdWxjbXZfUmJtT1dlcXMzeWdtVl8tankzR18zYkc3di1TUWNxVVpxcjA0RDJoMWdFekFYSkpQaUhYei1XbFkwTjdyREJsR2h3S0VPRUhhUnI3YXJZSUxSRmtKaW5VajRsd1JReUEzc0YyTDBj?oc=5\" target=\"_blank\" rel=\"noopener\">Op\u00e9ration militaire am\u00e9ricaine au Venezuela : en France, les dirigeants des partis politiques d\u00e9plorent \u00ab\u00a0l&rsquo;effondrement du droit international\u00a0\u00bb<\/a>&nbsp;&nbsp;France Info<\/li>\n<\/ol>\n","protected":false},"excerpt":{"rendered":"Les \u00c9tats-Unis frappent le Venezuela, Trump annonce la \u00ab capture \u00bb du pr\u00e9sident Maduro&nbsp;&nbsp;Mediapart EN DIRECT, Venezuela :&hellip;\n","protected":false},"author":2,"featured_media":638581,"comment_status":"","ping_status":"","sticky":false,"template":"","format":"standard","meta":{"footnotes":""},"categories":[5],"tags":[11,75,73,1011,27,14,12,28],"class_list":{"0":"post-638580","1":"post","2":"type-post","3":"status-publish","4":"format-standard","5":"has-post-thumbnail","7":"category-international","8":"tag-actualites","9":"tag-donald-trump","10":"tag-etats-unis","11":"tag-fr","12":"tag-france","13":"tag-international","14":"tag-news","15":"tag-world"},"share_on_mastodon":{"url":"https:\/\/pubeurope.com\/@fr\/115831973063717179","error":""},"_links":{"self":[{"href":"https:\/\/www.europesays.com\/fr\/wp-json\/wp\/v2\/posts\/638580","targetHints":{"allow":["GET"]}}],"collection":[{"href":"https:\/\/www.europesays.com\/fr\/wp-json\/wp\/v2\/posts"}],"about":[{"href":"https:\/\/www.europesays.com\/fr\/wp-json\/wp\/v2\/types\/post"}],"author":[{"embeddable":true,"href":"https:\/\/www.europesays.com\/fr\/wp-json\/wp\/v2\/users\/2"}],"replies":[{"embeddable":true,"href":"https:\/\/www.europesays.com\/fr\/wp-json\/wp\/v2\/comments?post=638580"}],"version-history":[{"count":0,"href":"https:\/\/www.europesays.com\/fr\/wp-json\/wp\/v2\/posts\/638580\/revisions"}],"wp:featuredmedia":[{"embeddable":true,"href":"https:\/\/www.europesays.com\/fr\/wp-json\/wp\/v2\/media\/638581"}],"wp:attachment":[{"href":"https:\/\/www.europesays.com\/fr\/wp-json\/wp\/v2\/media?parent=638580"}],"wp:term":[{"taxonomy":"category","embeddable":true,"href":"https:\/\/www.europesays.com\/fr\/wp-json\/wp\/v2\/categories?post=638580"},{"taxonomy":"post_tag","embeddable":true,"href":"https:\/\/www.europesays.com\/fr\/wp-json\/wp\/v2\/tags?post=638580"}],"curies":[{"name":"wp","href":"https:\/\/api.w.org\/{rel}","templated":true}]}}