{"id":638582,"date":"2026-01-03T15:53:11","date_gmt":"2026-01-03T15:53:11","guid":{"rendered":"https:\/\/www.europesays.com\/fr\/638582\/"},"modified":"2026-01-03T15:53:11","modified_gmt":"2026-01-03T15:53:11","slug":"des-flocons-des-300-m-daltitude-les-hautes-pyrenees-en-vigilance-jaune-neige-verglas-a-partir-de-ce-samedi-apres-midi","status":"publish","type":"post","link":"https:\/\/www.europesays.com\/fr\/638582\/","title":{"rendered":"\u00ab\u00a0Des flocons d\u00e8s 300\u00a0m d\u2019altitude\u00a0\u00bb\u00a0: les Hautes-Pyr\u00e9n\u00e9es en vigilance jaune neige-verglas \u00e0 partir de ce samedi apr\u00e8s-midi"},"content":{"rendered":"<p>\n                                                                M\u00e9t\u00e9o France a plac\u00e9 le d\u00e9partement des Hautes-Pyr\u00e9n\u00e9es sen vigilance jaune neige-verglas, de ce samedi midi \u00e0 dimanche\u00a010 h. Un \u00e9pisode qui va d\u2019abord toucher la plaine et le pi\u00e9mont, avant de remonter dans les vall\u00e9es.\n                            <\/p>\n<p>Apr\u00e8s des vacances ensoleill\u00e9es, la journ\u00e9e\u00a0des retours est marqu\u00e9e par un assaut hivernal important, \u00e0 la faveur d\u2019un rafra\u00eechissement marqu\u00e9. Ainsi, M\u00e9t\u00e9o France a plac\u00e9 les Hautes-Pyr\u00e9n\u00e9es en vigilance jaune pour le risque neige-verglas \u00e0 compter de ce samedi midi. Une alerte qui vaut jusqu\u2019\u00e0 dimanche en milieu de matin\u00e9e.<\/p>\n<p>Concr\u00e8tement, c\u2019est en milieu d\u2019apr\u00e8s-midi que l\u2019ambiance va se refroidir dans les Hautes-Pyr\u00e9n\u00e9es, \u00ab\u00a0d\u2019abord en plaine et sur le pi\u00e9mont, pr\u00e9cise-t-on \u00e0 M\u00e9t\u00e9o France. L\u2019arriv\u00e9e du froid sera plus tardive dans les vall\u00e9es et sur le relief. En cons\u00e9quence, des flocons sont attendus jusqu\u2019\u00e0 basse altitude, d\u00e8s 300-400 m\u00e8tres, voire un peu plus bas dans la nuit. Mais il n\u2019y aura pas de grosses pr\u00e9cipitations et donc pas de grosses quantit\u00e9s.\u00a0\u00bb<\/p>\n<p>Toutefois, le cumul de neige pourrait avoisiner les 5\u00a0cm sur le plateau de Lannemezan. \u00ab\u00a0Mais comme il s\u2019agira de neige mouill\u00e9e, la tenue au sol n\u2019est pas certaine\u00a0\u00bb pr\u00e9cise-t-on \u00e0 M\u00e9t\u00e9o France. L\u2019atmosph\u00e8re devrait s\u2019ass\u00e9cher au cours de la nuit, avec les derniers flocons r\u00e9siduels possibles en tout d\u00e9but de journ\u00e9e dimanche. Pour ce premier dimanche de l\u2019ann\u00e9e, le ciel sera nuageux, avec des temp\u00e9ratures qui d\u00e9passeront p\u00e9niblement le 0 degr\u00e9\u00a0mais sans pr\u00e9cipitation.<\/p>\n<p>Face \u00e0 cette vigilance neige-verglas, les \u00e9quipes des routes du conseil d\u00e9partemental ainsi que les \u00e9quipes d\u2019astreinte de Vinci autoroutes sont en alerte afin d\u2019assurer la viabilit\u00e9 du r\u00e9seau routier. Mieux vaut anticiper ses d\u00e9placements et \u00e9viter de prendre la route en fin de journ\u00e9e ce samedi. \u00c0 la mi-journ\u00e9e, aucune difficult\u00e9 n\u2019\u00e9tait \u00e0 signaler. Toutes les infos sont \u00e0 consulter en temps r\u00e9el ici\u00a0: <a href=\"https:\/\/inforoute.ha-py.fr\/\" target=\"_self\" rel=\"noopener\">https:\/\/inforoute.ha-py.fr\/<\/a><\/p>\n","protected":false},"excerpt":{"rendered":"M\u00e9t\u00e9o France a plac\u00e9 le d\u00e9partement des Hautes-Pyr\u00e9n\u00e9es sen vigilance jaune neige-verglas, de ce samedi midi \u00e0 dimanche\u00a010&hellip;\n","protected":false},"author":2,"featured_media":638583,"comment_status":"","ping_status":"","sticky":false,"template":"","format":"standard","meta":{"footnotes":""},"categories":[4],"tags":[1111,11,1011,27,4973,71962,15882,12,25],"class_list":{"0":"post-638582","1":"post","2":"type-post","3":"status-publish","4":"format-standard","5":"has-post-thumbnail","7":"category-france","8":"tag-actu","9":"tag-actualites","10":"tag-fr","11":"tag-france","12":"tag-hautes-pyrenees","13":"tag-intempu00e9ries","14":"tag-mu00e9tu00e9o","15":"tag-news","16":"tag-republique-francaise"},"share_on_mastodon":{"url":"https:\/\/pubeurope.com\/@fr\/115831977003608190","error":""},"_links":{"self":[{"href":"https:\/\/www.europesays.com\/fr\/wp-json\/wp\/v2\/posts\/638582","targetHints":{"allow":["GET"]}}],"collection":[{"href":"https:\/\/www.europesays.com\/fr\/wp-json\/wp\/v2\/posts"}],"about":[{"href":"https:\/\/www.europesays.com\/fr\/wp-json\/wp\/v2\/types\/post"}],"author":[{"embeddable":true,"href":"https:\/\/www.europesays.com\/fr\/wp-json\/wp\/v2\/users\/2"}],"replies":[{"embeddable":true,"href":"https:\/\/www.europesays.com\/fr\/wp-json\/wp\/v2\/comments?post=638582"}],"version-history":[{"count":0,"href":"https:\/\/www.europesays.com\/fr\/wp-json\/wp\/v2\/posts\/638582\/revisions"}],"wp:featuredmedia":[{"embeddable":true,"href":"https:\/\/www.europesays.com\/fr\/wp-json\/wp\/v2\/media\/638583"}],"wp:attachment":[{"href":"https:\/\/www.europesays.com\/fr\/wp-json\/wp\/v2\/media?parent=638582"}],"wp:term":[{"taxonomy":"category","embeddable":true,"href":"https:\/\/www.europesays.com\/fr\/wp-json\/wp\/v2\/categories?post=638582"},{"taxonomy":"post_tag","embeddable":true,"href":"https:\/\/www.europesays.com\/fr\/wp-json\/wp\/v2\/tags?post=638582"}],"curies":[{"name":"wp","href":"https:\/\/api.w.org\/{rel}","templated":true}]}}