{"id":638586,"date":"2026-01-03T15:55:12","date_gmt":"2026-01-03T15:55:12","guid":{"rendered":"https:\/\/www.europesays.com\/fr\/638586\/"},"modified":"2026-01-03T15:55:12","modified_gmt":"2026-01-03T15:55:12","slug":"saint-etienne-refus-dobtemperer-et-course-poursuite-sur-15-km-un-homme-interpelle","status":"publish","type":"post","link":"https:\/\/www.europesays.com\/fr\/638586\/","title":{"rendered":"Saint-\u00c9tienne. Refus d\u2019obtemp\u00e9rer\u00a0et course-poursuite sur 15\u00a0km\u00a0: un homme interpell\u00e9"},"content":{"rendered":"<p>L\u2019ann\u00e9e 2026 a commenc\u00e9 par un refus d\u2019obtemp<a href=\"https:\/\/www.leprogres.fr\/faits-divers-justice\/2025\/06\/08\/refus-d-obtemperer-les-policiers-devront-entamer-le-suivi-d-un-vehicule-si-la-situation-le-necessite\" target=\"_blank\" rel=\"noopener\">\u00e9rer,<\/a> d\u00e8s ce 1\u1d49\u02b3\u00a0 janvier \u00e0 Saint-Chamond. Aux alentours de 21 heures, un conducteur au volant d\u2019une Citro\u00ebn DS5 a pris la fuite alors que des policiers tentaient de le contr\u00f4ler.<\/p>\n<p>Une course-poursuite d\u2019une quinzaine de kilom\u00e8tres s\u2019est d\u00e9roul\u00e9e jusqu\u2019\u00e0 la rue Antoine-Durafour, \u00e0 Saint-\u00c9tienne, o\u00f9 un \u00e9quipage de la brigade anticriminalit\u00e9 (BAC) a interpell\u00e9 l\u2019homme d\u2019une trentaine d\u2019ann\u00e9es, qui prenait la fuite \u00e0 pied apr\u00e8s avoir abandonn\u00e9 son v\u00e9hicule.<\/p>\n<p>Dans sa tentative d\u2019\u00e9chapper aux policiers, il a percut\u00e9 deux v\u00e9hicules\u00a0: un en stationnement et un autre en circulation dont le conducteur a \u00e9t\u00e9 l\u00e9g\u00e8rement bless\u00e9.<\/p>\n<p>Plac\u00e9 en garde \u00e0 vue, l\u2019homme faisait d\u00e9j\u00e0 l\u2019objet d\u2019un contr\u00f4le judiciaire lui interdisant d\u2019\u00eatre pr\u00e9sent sur la commune de Saint-Chamond. Selon la police, il reconna\u00eet a minima les faits et a \u00e9t\u00e9 d\u00e9f\u00e9r\u00e9 ce samedi 3\u00a0janvier devant le parquet de Saint-\u00c9tienne.<\/p>\n","protected":false},"excerpt":{"rendered":"L\u2019ann\u00e9e 2026 a commenc\u00e9 par un refus d\u2019obtemp\u00e9rer, d\u00e8s ce 1\u1d49\u02b3\u00a0 janvier \u00e0 Saint-Chamond. Aux alentours de 21&hellip;\n","protected":false},"author":2,"featured_media":638587,"comment_status":"","ping_status":"","sticky":false,"template":"","format":"standard","meta":{"footnotes":""},"categories":[9653],"tags":[1111,11,2430,271,272,7539,1777,674,274,107,1011,27,3367,12,25,4001,7538],"class_list":{"0":"post-638586","1":"post","2":"type-post","3":"status-publish","4":"format-standard","5":"has-post-thumbnail","7":"category-saint-etienne","8":"tag-actu","9":"tag-actualites","10":"tag-auvergne-rhone-alpes","11":"tag-crime","12":"tag-delit-et-contravention","13":"tag-edition-loire-sud","14":"tag-eu","15":"tag-europe","16":"tag-faits-divers-justice","17":"tag-fil-info","18":"tag-fr","19":"tag-france","20":"tag-loire","21":"tag-news","22":"tag-republique-francaise","23":"tag-saint-etienne","24":"tag-saint-etienne-ville"},"share_on_mastodon":{"url":"https:\/\/pubeurope.com\/@fr\/115831984894482067","error":""},"_links":{"self":[{"href":"https:\/\/www.europesays.com\/fr\/wp-json\/wp\/v2\/posts\/638586","targetHints":{"allow":["GET"]}}],"collection":[{"href":"https:\/\/www.europesays.com\/fr\/wp-json\/wp\/v2\/posts"}],"about":[{"href":"https:\/\/www.europesays.com\/fr\/wp-json\/wp\/v2\/types\/post"}],"author":[{"embeddable":true,"href":"https:\/\/www.europesays.com\/fr\/wp-json\/wp\/v2\/users\/2"}],"replies":[{"embeddable":true,"href":"https:\/\/www.europesays.com\/fr\/wp-json\/wp\/v2\/comments?post=638586"}],"version-history":[{"count":0,"href":"https:\/\/www.europesays.com\/fr\/wp-json\/wp\/v2\/posts\/638586\/revisions"}],"wp:featuredmedia":[{"embeddable":true,"href":"https:\/\/www.europesays.com\/fr\/wp-json\/wp\/v2\/media\/638587"}],"wp:attachment":[{"href":"https:\/\/www.europesays.com\/fr\/wp-json\/wp\/v2\/media?parent=638586"}],"wp:term":[{"taxonomy":"category","embeddable":true,"href":"https:\/\/www.europesays.com\/fr\/wp-json\/wp\/v2\/categories?post=638586"},{"taxonomy":"post_tag","embeddable":true,"href":"https:\/\/www.europesays.com\/fr\/wp-json\/wp\/v2\/tags?post=638586"}],"curies":[{"name":"wp","href":"https:\/\/api.w.org\/{rel}","templated":true}]}}