{"id":638591,"date":"2026-01-03T16:02:10","date_gmt":"2026-01-03T16:02:10","guid":{"rendered":"https:\/\/www.europesays.com\/fr\/638591\/"},"modified":"2026-01-03T16:02:10","modified_gmt":"2026-01-03T16:02:10","slug":"le-dernier-hommage-du-monde-medical-et-politique-a-bernard-serrou","status":"publish","type":"post","link":"https:\/\/www.europesays.com\/fr\/638591\/","title":{"rendered":"Le dernier hommage du monde m\u00e9dical et politique \u00e0 Bernard Serrou"},"content":{"rendered":"<p>\n                                                                Ce 3\u00a0janvier, une c\u00e9r\u00e9monie a \u00e9t\u00e9 c\u00e9l\u00e9br\u00e9e \u00e0 la cath\u00e9drale Saint-Pierre de Montpellier pour l\u2019ancien d\u00e9put\u00e9 et oncologue.\n                            <\/p>\n<p>\u00c0 quelques jours d\u2018intervalles, deux figures montpelli\u00e9raines viennent de dispara\u00eetre. Avant le botaniste Francis Hall\u00e9 (d\u00e9c\u00e9d\u00e9 ce 31\u00a0d\u00e9cembre) c\u2019est Bernard Serrou qui quitte une ville \u00e0 laquelle celui \u00ab\u00a0qui avait l\u2019art de rassembler des personnes diff\u00e9rentes\u00a0\u00bb, a tout donn\u00e9.<\/p>\n<p>Disparu le jour de No\u00ebl, l\u2019ancien oncologue et d\u00e9put\u00e9 a re\u00e7u un dernier hommage, ce 3\u00a0janvier \u00e0 la fin de la matin\u00e9e \u00e0 la cath\u00e9drale Saint-Pierre. Dans l\u2019assistance outre les proches, amis, confr\u00e8res et cons\u0153urs de Bernard Serrou se trouvaient nombre d\u2019\u00e9lus dont l\u2019ancien pr\u00e9sident de la r\u00e9gion Languedoc-Roussillon, Jacques Blanc.<\/p>\n<p>Avant l\u2019office fun\u00e8bre c\u00e9l\u00e9br\u00e9 par le pr\u00eatre de la paroisse, l\u2019archipr\u00eatre Yannick Casajus, le monde politique et \u00e9tatique (l\u2019ancien pr\u00e9fet de l\u2019H\u00e9rault et actuel secr\u00e9taire g\u00e9n\u00e9ral au minist\u00e8re de l\u2019Int\u00e9rieur, Hugues Moutouh, un ami) a souhait\u00e9 t\u00e9moigner.<\/p>\n<p>\u00c0 commencer par le maire, Micha\u00ebl Delafosse. Visiblement tr\u00e8s \u00e9mu et \u00e9prouv\u00e9, le premier magistrat a rendu \u00ab\u00a0l\u2019un des plus difficiles hommages que j\u2019aurais \u00e0 accomplir dans ma vie de maire\u00a0\u00bb.<\/p>\n<p>\u00ab\u00a0Une amiti\u00e9 oh combien singuli\u00e8re\u00a0\u00bb<\/p>\n<p>L\u2019\u00e9dile a rappel\u00e9 sa rencontre, (c\u2019\u00e9tait en 2008) avec le d\u00e9funt, \u00ab\u00a0une chance inou\u00efe\u00a0\u00bb.<br \/>De l\u00e0 est n\u00e9e \u00ab\u00a0une amiti\u00e9 oh combien singuli\u00e8re, une complicit\u00e9 immense s\u2019est nou\u00e9e entre nous et fut assur\u00e9ment unique. Bernard qui m\u2019a tant donn\u00e9\u2026\u00a0\u00bb.<\/p>\n<p>Alors, \u00ab\u00a0ce que nous vivons \u00e0 cet instant nous para\u00eet impossible\u00a0\u00bb, a rench\u00e9ri le maire et ami \u00e0 l\u2019endroit d\u2019un passionn\u00e9 de musique et d\u2019op\u00e9ra\u00a0; habit\u00e9 par deux valeurs humaines \u00ab\u00a0magnifiques\u00a0: l\u2019amour et l\u2019affection. Il avait ce plaisir-l\u00e0, celui de rassembler des gens aux origines diverses\u00a0\u00bb. Un postulat que l\u2019ancien chef de service d\u2019oncologie au Centre anticanc\u00e9reux Val d\u2019Aurelle, un m\u00e9decin \u00ab\u00a0humaniste, attach\u00e9 visc\u00e9ralement \u00e0 l\u2019autre\u00a0\u00bb, a fait sien lorsqu\u2019il s\u2019est engag\u00e9 dans la politique. \u00ab\u00a0Servir le bien commun, se mettre au service des autres. Il ne se servait pas de la politique mais il servait la politique et l\u2019a fait avec panache pour l\u2019Op\u00e9ra, \u00e0 la R\u00e9gion\u00a0\u00bb.<\/p>\n<p>\u00ab\u00a0La gratuit\u00e9 des transports, c\u2019\u00e9tait lui\u00a0!\u00a0\u00bb<\/p>\n<p>\u00ab\u00a0Il y eut \u00e9galement cet \u00ab\u00a0attachement pour la Paillade dont il fut le d\u00e9put\u00e9 engag\u00e9. L\u2019id\u00e9e de la gratuit\u00e9 des transports, c\u2019\u00e9tait lui\u00a0! Il parlait de sa ville avec passion. Encore, r\u00e9cemment, il me disait de travailler le Verdanson\u00a0\u00bb.<\/p>\n<p>Alors ce 3\u00a0janvier, \u00ab\u00a0aujourd\u2019hui, le rideau de l\u2019op\u00e9ra s\u2019abaisse et nous sommes-l\u00e0\u2026 Il n\u2019y a point d\u2019applaudissements mais un rideau de larmes et de tristesse\u2026\u00a0\u00bb.<br \/>Et qui s\u2019est referm\u00e9 sur la Symphonie n\u00b0\u00a09 de Beethoven (l\u2019Adagio molto e cantabile), dernier morceau jou\u00e9 par des musiciens de l\u2019Orchestre national de Montpellier.<br \/>Cela avant que le cercueil de Bernard Serrou ne quitte les trav\u00e9es de la basilique mineure, d\u00e9dicataire de Pierre\u201d le d\u00e9vou\u00e9\u201d, divin clin d\u2019\u0153il d\u2019un\u00a0ultime voyage.<\/p>\n","protected":false},"excerpt":{"rendered":"Ce 3\u00a0janvier, une c\u00e9r\u00e9monie a \u00e9t\u00e9 c\u00e9l\u00e9br\u00e9e \u00e0 la cath\u00e9drale Saint-Pierre de Montpellier pour l\u2019ancien d\u00e9put\u00e9 et oncologue.&hellip;\n","protected":false},"author":2,"featured_media":638592,"comment_status":"","ping_status":"","sticky":false,"template":"","format":"standard","meta":{"footnotes":""},"categories":[9599],"tags":[1111,11,1777,674,1011,27,7089,2208,12,71479,2680,25,1857],"class_list":{"0":"post-638591","1":"post","2":"type-post","3":"status-publish","4":"format-standard","5":"has-post-thumbnail","7":"category-montpellier","8":"tag-actu","9":"tag-actualites","10":"tag-eu","11":"tag-europe","12":"tag-fr","13":"tag-france","14":"tag-herault","15":"tag-montpellier","16":"tag-news","17":"tag-nu00e9crologie","18":"tag-occitanie","19":"tag-republique-francaise","20":"tag-sociu00e9tu00e9"},"share_on_mastodon":{"url":"https:\/\/pubeurope.com\/@fr\/115832012396084809","error":""},"_links":{"self":[{"href":"https:\/\/www.europesays.com\/fr\/wp-json\/wp\/v2\/posts\/638591","targetHints":{"allow":["GET"]}}],"collection":[{"href":"https:\/\/www.europesays.com\/fr\/wp-json\/wp\/v2\/posts"}],"about":[{"href":"https:\/\/www.europesays.com\/fr\/wp-json\/wp\/v2\/types\/post"}],"author":[{"embeddable":true,"href":"https:\/\/www.europesays.com\/fr\/wp-json\/wp\/v2\/users\/2"}],"replies":[{"embeddable":true,"href":"https:\/\/www.europesays.com\/fr\/wp-json\/wp\/v2\/comments?post=638591"}],"version-history":[{"count":0,"href":"https:\/\/www.europesays.com\/fr\/wp-json\/wp\/v2\/posts\/638591\/revisions"}],"wp:featuredmedia":[{"embeddable":true,"href":"https:\/\/www.europesays.com\/fr\/wp-json\/wp\/v2\/media\/638592"}],"wp:attachment":[{"href":"https:\/\/www.europesays.com\/fr\/wp-json\/wp\/v2\/media?parent=638591"}],"wp:term":[{"taxonomy":"category","embeddable":true,"href":"https:\/\/www.europesays.com\/fr\/wp-json\/wp\/v2\/categories?post=638591"},{"taxonomy":"post_tag","embeddable":true,"href":"https:\/\/www.europesays.com\/fr\/wp-json\/wp\/v2\/tags?post=638591"}],"curies":[{"name":"wp","href":"https:\/\/api.w.org\/{rel}","templated":true}]}}