{"id":638593,"date":"2026-01-03T16:03:14","date_gmt":"2026-01-03T16:03:14","guid":{"rendered":"https:\/\/www.europesays.com\/fr\/638593\/"},"modified":"2026-01-03T16:03:14","modified_gmt":"2026-01-03T16:03:14","slug":"direct-top-14-suivez-le-match-montpellier-aviron-bayonnais-commente-en-integralite","status":"publish","type":"post","link":"https:\/\/www.europesays.com\/fr\/638593\/","title":{"rendered":"DIRECT &#8211; Top 14 : suivez le match Montpellier &#8211; Aviron Bayonnais comment\u00e9 en int\u00e9gralit\u00e9"},"content":{"rendered":"<p> <img decoding=\"async\" src=\"https:\/\/www.europesays.com\/fr\/wp-content\/uploads\/2026\/01\/1767456194_6_1200x680.jpeg\" alt=\"illustration agrandir l'image\" style=\"--_image-preview:url('data:image\/jpeg;base64,\/9j\/2wBDACgcHiMeGSgjISMtKygwPGRBPDc3PHtYXUlkkYCZlo+AjIqgtObDoKrarYqMyP\/L2u71\/\/\/\/m8H\/\/\/\/6\/+b9\/\/j\/2wBDASstLTw1PHZBQXb4pYyl+Pj4+Pj4+Pj4+Pj4+Pj4+Pj4+Pj4+Pj4+Pj4+Pj4+Pj4+Pj4+Pj4+Pj4+Pj4+Pj4+Pj\/wAARCAAXACoDASIAAhEBAxEB\/8QAGAABAQEBAQAAAAAAAAAAAAAAAgADAQX\/xAAXEAEBAQEAAAAAAAAAAAAAAAAAARES\/8QAFQEBAQAAAAAAAAAAAAAAAAAAAAH\/xAAUEQEAAAAAAAAAAAAAAAAAAAAA\/9oADAMBAAIRAxEAPwDzpCkdkKRUHkbGuDYisbBxpYOA1hxIENSAKsSQf\/\/Z');\" loading=\"eager\" fetchpriority=\"high\" class=\"svelte-1cksh76 rounded\" onload=\"this.__e=event\" onerror=\"this.__e=event\"\/> Baptiste H\u00e9guy d\u00e9butera sur la pelouse du Septeo Stadium de Montpellier \u00a9 AFP &#8211; DR     <\/p>\n<p class=\"g-ici-body-regular-3 info svelte-r4l8dg\">Publi\u00e9 le samedi 3 janvier 2026 \u00e0 15:15 <\/p>\n<ul class=\"SocialNetworks svelte-oam7rq\">\n<li class=\"svelte-oam7rq\"><\/li>\n<li class=\"svelte-oam7rq\"><\/li>\n<li class=\"svelte-oam7rq\"><\/li>\n<li class=\"svelte-oam7rq\"><\/li>\n<li class=\"svelte-oam7rq\"><\/li>\n<\/ul>\n<p class=\"standfirst g-ici-body-bold-1 svelte-huxgbw\">L&rsquo;Aviron Bayonnais se d\u00e9place \u00e0 Montpelier ce samedi 3 janvier pour d\u00e9buter 2026 et la phase retour du Top 14, avec l&rsquo;objectif de faire oublier les six derniers d\u00e9placements ponctu\u00e9s par de lourdes d\u00e9faites. Une rencontre \u00e0 vivre en int\u00e9gralit\u00e9 sur ICI Pays Basque \u00e0 partir de 16h15.<\/p>\n<p>L&rsquo;heure des bonnes r\u00e9solutions pour l&rsquo;Aviron.\u00a0<a class=\"IciLink ici-link IciArticleLink g-ici-body-regular-1 underline brand svelte-1chfe2s\" href=\"https:\/\/www.francebleu.fr\/personnes\/aviron-bayonnais\" target=\"_blank\" rel=\"noopener\">Bayonne<\/a>\u00a0(6e, 34 pts) se d\u00e9place \u00e0\u00a0<a class=\"IciLink ici-link IciArticleLink g-ici-body-regular-1 underline brand svelte-1chfe2s\" href=\"https:\/\/www.francebleu.fr\/personnes\/montpellier-herault-rugby-mhr\" target=\"_blank\" rel=\"noopener\">Montpellier<\/a>\u00a0(9e, 33 pts) pour entamer 2026 et la phase retour du championnat de\u00a0<a class=\"IciLink ici-link IciArticleLink g-ici-body-regular-1 underline brand svelte-1chfe2s\" href=\"https:\/\/www.francebleu.fr\/theme\/rugby-top-14\" target=\"_blank\" rel=\"noopener\">Top 14<\/a>, ce samedi 3 janvier, avec la ferme intention de montrer un tout autre visage que celui affich\u00e9 lors des six derni\u00e8res sorties toutes comp\u00e9titions confondues\u00a0: \u00e0 savoir 50 points de moyenne encaiss\u00e9s et une \u00e9quipe diam\u00e9tralement oppos\u00e9e \u00e0 celle qui dispute ses matchs \u00e0 Jean-Dauger. En face, le MHR veut raccrocher le wagon des six de t\u00eate avec une identit\u00e9 assum\u00e9e\u00a0:\u00a0<a class=\"IciLink ici-link IciArticleLink g-ici-body-regular-1 underline brand svelte-1chfe2s\" href=\"https:\/\/www.francebleu.fr\/sports\/rugby\/aviron-bayonnais-a-l-exterieur-ca-suffit-les-joueurs-au-pied-du-mur-au-moment-d-aller-a-montpellier-6223708\" target=\"_blank\" rel=\"noopener\">conqu\u00eate et d\u00e9fense ultra agressive<\/a>. Un choc \u00e0 vivre d\u00e8s 16h15 pour l&rsquo;avant-match sur ICI Pays Basque avec St\u00e9phane Garcia et David Talec.<\/p>\n<p>\u25ba Live radio et comment\u00e9 sur ICI Pays Basque <\/p>\n<p>loading<\/p>\n<p>loading<\/p>\n<p>loading<\/p>\n<ul class=\"SocialNetworks svelte-oam7rq\">\n<li class=\"svelte-oam7rq\"><\/li>\n<li class=\"svelte-oam7rq\"><\/li>\n<li class=\"svelte-oam7rq\"><\/li>\n<li class=\"svelte-oam7rq\"><\/li>\n<li class=\"svelte-oam7rq\"><\/li>\n<\/ul>\n","protected":false},"excerpt":{"rendered":"Baptiste H\u00e9guy d\u00e9butera sur la pelouse du Septeo Stadium de Montpellier \u00a9 AFP &#8211; DR Publi\u00e9 le samedi&hellip;\n","protected":false},"author":2,"featured_media":638594,"comment_status":"","ping_status":"","sticky":false,"template":"","format":"standard","meta":{"footnotes":""},"categories":[9599],"tags":[1111,11,1777,674,1011,27,2208,12,2680,25],"class_list":{"0":"post-638593","1":"post","2":"type-post","3":"status-publish","4":"format-standard","5":"has-post-thumbnail","7":"category-montpellier","8":"tag-actu","9":"tag-actualites","10":"tag-eu","11":"tag-europe","12":"tag-fr","13":"tag-france","14":"tag-montpellier","15":"tag-news","16":"tag-occitanie","17":"tag-republique-francaise"},"share_on_mastodon":{"url":"https:\/\/pubeurope.com\/@fr\/115832016279267197","error":""},"_links":{"self":[{"href":"https:\/\/www.europesays.com\/fr\/wp-json\/wp\/v2\/posts\/638593","targetHints":{"allow":["GET"]}}],"collection":[{"href":"https:\/\/www.europesays.com\/fr\/wp-json\/wp\/v2\/posts"}],"about":[{"href":"https:\/\/www.europesays.com\/fr\/wp-json\/wp\/v2\/types\/post"}],"author":[{"embeddable":true,"href":"https:\/\/www.europesays.com\/fr\/wp-json\/wp\/v2\/users\/2"}],"replies":[{"embeddable":true,"href":"https:\/\/www.europesays.com\/fr\/wp-json\/wp\/v2\/comments?post=638593"}],"version-history":[{"count":0,"href":"https:\/\/www.europesays.com\/fr\/wp-json\/wp\/v2\/posts\/638593\/revisions"}],"wp:featuredmedia":[{"embeddable":true,"href":"https:\/\/www.europesays.com\/fr\/wp-json\/wp\/v2\/media\/638594"}],"wp:attachment":[{"href":"https:\/\/www.europesays.com\/fr\/wp-json\/wp\/v2\/media?parent=638593"}],"wp:term":[{"taxonomy":"category","embeddable":true,"href":"https:\/\/www.europesays.com\/fr\/wp-json\/wp\/v2\/categories?post=638593"},{"taxonomy":"post_tag","embeddable":true,"href":"https:\/\/www.europesays.com\/fr\/wp-json\/wp\/v2\/tags?post=638593"}],"curies":[{"name":"wp","href":"https:\/\/api.w.org\/{rel}","templated":true}]}}