{"id":63860,"date":"2025-04-30T07:58:10","date_gmt":"2025-04-30T07:58:10","guid":{"rendered":"https:\/\/www.europesays.com\/fr\/63860\/"},"modified":"2025-04-30T07:58:10","modified_gmt":"2025-04-30T07:58:10","slug":"parcs-pique-niques-cinemas-nos-idees-de-sorties-pour-soccuper-le-1er-mai-a-rouen","status":"publish","type":"post","link":"https:\/\/www.europesays.com\/fr\/63860\/","title":{"rendered":"Parcs, pique-niques, cin\u00e9mas&#8230; Nos id\u00e9es de sorties pour s&rsquo;occuper le 1er mai \u00e0 Rouen"},"content":{"rendered":"<p>            Par<br \/>\n        <strong><br \/>\n            <a href=\"https:\/\/actu.fr\/auteur\/yann-rivallan\" title=\"Consulter tous les articles de Yann Rivallan\" rel=\"nofollow noopener\" target=\"_blank\">Yann Rivallan<\/a><br \/>\n        <\/strong><\/p>\n<p>        Publi\u00e9 le<\/p>\n<p>            30 avr. 2025 \u00e0 9h34        <\/p>\n<p>Pour ce <strong>1er\u00a0mai 2025<\/strong> \u00e0 Rouen, <a href=\"https:\/\/actu.fr\/normandie\/rouen_76540\/des-temperatures-exceptionnelles-vont-deferler-en-seine-maritime-toute-la-semaine_62567515.html\" rel=\"nofollow noopener\" target=\"_blank\">il va faire beau<\/a>\u2009! Envie de vous d\u00e9gourdir les jambes lors de ce jour f\u00e9ri\u00e9\u2009? La r\u00e9daction de 76actu vous a d\u00e9nich\u00e9 <strong>quelques id\u00e9es de sorties<\/strong> pour vous occuper. Pr\u00e9voyez un peu de cr\u00e8me solaire\u2009!<\/p>\n<p>Dans des parcs ou en for\u00eat<\/p>\n<p class=\" wall-content\">Un jour de f\u00eate du Travail, les activit\u00e9s de loisirs ne courent pas les rues\u2026 Mais si vous avez envie de prendre l\u2019air, on ne peut que vous conseiller d\u2019aller faire un tour dans <strong>les diff\u00e9rents parcs publics<\/strong> de la Ville de Rouen.<\/p>\n<p class=\" wall-content\">Dans le m\u00eame registre, <strong>le parc zoologique de Cl\u00e8res<\/strong> sera ouvert toute la journ\u00e9e. <a href=\"https:\/\/actu.fr\/normandie\/cleres_76179\/rendez-vous-pour-la-fete-de-la-jonquille-au-parc-de-cleres-et-dans-le-bourg_62387726.html\" rel=\"nofollow noopener\" target=\"_blank\">Rouvert depuis le 15\u00a0mars<\/a>, ce vaste parc \u00e0 quelques kilom\u00e8tres de Rouen permet de d\u00e9couvrir une multitude d\u2019esp\u00e8ces d\u2019animaux, d\u2019oiseaux et de v\u00e9g\u00e9taux.<\/p>\n<p>      <img   decoding=\"async\" loading=\"lazy\" src=\"https:\/\/www.europesays.com\/fr\/wp-content\/uploads\/2025\/04\/paon-flamants-roses-parc-cleres-960x640.jpg\" alt=\"Des flamants roses, des paons... De nombreuses esp\u00e8ces animales ou v\u00e9g\u00e9tales sont \u00e0 d\u00e9couvrir au parc de Cl\u00e8res.\" width=\"960\" height=\"640\"\/><br \/>\n    Des flamants roses, des paons\u2026 De nombreuses esp\u00e8ces animales ou v\u00e9g\u00e9tales sont \u00e0 d\u00e9couvrir au parc de Cl\u00e8res. (\u00a9FM\/76actu)<\/p>\n<p class=\" wall-content\">Une balade dans l\u2019une des nombreuses <strong>for\u00eats de la m\u00e9tropole<\/strong> n\u2019est pas non plus \u00e0 exclure. Vous pourriez notamment d\u00e9couvrir <a href=\"https:\/\/actu.fr\/normandie\/rouen_76540\/a-la-foret-de-roumare-pres-de-rouen-on-etudie-l-impact-du-changement-climatique-sur-les-arbres_35101085.html\" rel=\"nofollow noopener\" target=\"_blank\">l\u2019arboretum de la for\u00eat de Roumare<\/a>, o\u00f9 de nombreuses esp\u00e8ces d\u2019arbres exotiques sont visibles.<\/p>\n<p class=\" wall-content\">Et si vous pr\u00e9f\u00e9rez rester \u00e0 Rouen, vous pourriez aller d\u00e9couvrir <a href=\"https:\/\/actu.fr\/normandie\/rouen_76540\/un-nouveau-parc-canal-inaugure-a-rouen-un-moment-historique_62562439.html\" rel=\"nofollow noopener\" target=\"_blank\">le nouveau parc-canal Camille-Claudel<\/a>, tout juste inaugur\u00e9 sur la rive gauche.<\/p>\n<p>Vid\u00e9os : en ce moment sur ActuAu frais dans des \u00e9glises ou au cin\u00e9ma<\/p>\n<p class=\" wall-content\">Si la chaleur vous \u00e9touffe, il sera toujours possible de passer un petit moment au frais en visitant <strong>les diff\u00e9rents \u00e9difices religieux<\/strong> de Rouen. Le 1er mai, contrairement aux mus\u00e9es, ils restent ouverts. Un bon moyen de (re) d\u00e9couvrir l\u2019int\u00e9rieur de la majestueuse cath\u00e9drale de Rouen.<\/p>\n<p class=\" wall-content\">Pour les allergiques au soleil ou ceux qui pr\u00e9f\u00e8rent rester en int\u00e9rieur, il y aura la possibilit\u00e9 <strong>d\u2019aller au cin\u00e9ma<\/strong>.\u00a0Mais si vous comptiez vous rafra\u00eechir dans l\u2019une des piscines municipales de la ville, sachez qu\u2019elles seront toutes ferm\u00e9es.<\/p>\n<p>Du muguet et des pique-niques<\/p>\n<p class=\" wall-content\">Et puis, le 1er mai, s\u2019il y a bien des commerces ouverts, ce sont les fleuristes\u2009! Pour perp\u00e9tuer la tradition, vous pourriez aller acheter <strong>un brin de muguet<\/strong> avant de l\u2019offrir (ou pas) \u00e0 un proche.<\/p>\n<p class=\" wall-content\">D\u2019ailleurs, question tradition\u2009: <strong>une manifestation syndicale<\/strong> sera organis\u00e9e dans le centre-ville pour cette f\u00eate du Travail.<\/p>\n<p class=\" wall-content\">Mais avec un temps pareil, on ne peut que vous recommander une petite promenade\u2009! Et par la m\u00eame occasion de red\u00e9couvrir notre article sur les <a href=\"https:\/\/actu.fr\/normandie\/rouen_76540\/c-est-le-printemps-voici-nos-meilleurs-endroits-pour-pique-niquer-a-rouen_62462899.html\" rel=\"nofollow noopener\" target=\"_blank\">meilleurs spots pour pique-niquer<\/a> \u00e0 Rouen ou encore pour faire <a href=\"https:\/\/actu.fr\/normandie\/rouen_76540\/carte-ou-jouer-a-la-petanque-ou-au-molkky-a-rouen_50025843.html\" rel=\"nofollow noopener\" target=\"_blank\">une petite partie de p\u00e9tanque<\/a>\u2026<\/p>\n<p>Suivez l\u2019actualit\u00e9 de Rouen sur <a href=\"https:\/\/www.whatsapp.com\/channel\/0029VaKfnf99hXF2ddApFB1D\" rel=\"nofollow noopener\" target=\"_blank\">notre cha\u00eene WhatsApp<\/a> et sur <a href=\"https:\/\/www.tiktok.com\/@76actu.fr?lang=fr\" rel=\"nofollow noopener\" target=\"_blank\">notre compte TikTok<\/a><\/p>\n<p class=\" wall-content\">Suivez toute l\u2019actualit\u00e9 de vos villes et m\u00e9dias favoris en vous inscrivant \u00e0 <a href=\"https:\/\/moncompte.actu.fr\" title=\"D\u00e9couvez Mon Actu\" rel=\"nofollow noopener\" data-trk=\"{&quot;cta&quot;:{&quot;action&quot;:&quot;https:\\\/\\\/moncompte.actu.fr&quot;,&quot;category&quot;:&quot;mon compte&quot;,&quot;from&quot;:&quot;article footer&quot;,&quot;name&quot;:&quot;Mon actu&quot;,&quot;type&quot;:&quot;cta&quot;}}\" target=\"_blank\">Mon Actu<\/a>.<\/p>\n<p>                    <script async src=\"\/\/www.tiktok.com\/embed.js\"><\/script><\/p>\n","protected":false},"excerpt":{"rendered":"Par Yann Rivallan Publi\u00e9 le 30 avr. 2025 \u00e0 9h34 Pour ce 1er\u00a0mai 2025 \u00e0 Rouen, il va&hellip;\n","protected":false},"author":2,"featured_media":63861,"comment_status":"","ping_status":"","sticky":false,"template":"","format":"standard","meta":{"footnotes":""},"categories":[9587],"tags":[1111,11,9086,1777,674,1011,27,1652,12,5161,25,9590],"class_list":{"0":"post-63860","1":"post","2":"type-post","3":"status-publish","4":"format-standard","5":"has-post-thumbnail","7":"category-rouen","8":"tag-actu","9":"tag-actualites","10":"tag-bon-plan-a-rouen","11":"tag-eu","12":"tag-europe","13":"tag-fr","14":"tag-france","15":"tag-loisirs-culture","16":"tag-news","17":"tag-normandie","18":"tag-republique-francaise","19":"tag-rouen"},"share_on_mastodon":{"url":"https:\/\/pubeurope.com\/@fr\/114425856182152867","error":""},"_links":{"self":[{"href":"https:\/\/www.europesays.com\/fr\/wp-json\/wp\/v2\/posts\/63860","targetHints":{"allow":["GET"]}}],"collection":[{"href":"https:\/\/www.europesays.com\/fr\/wp-json\/wp\/v2\/posts"}],"about":[{"href":"https:\/\/www.europesays.com\/fr\/wp-json\/wp\/v2\/types\/post"}],"author":[{"embeddable":true,"href":"https:\/\/www.europesays.com\/fr\/wp-json\/wp\/v2\/users\/2"}],"replies":[{"embeddable":true,"href":"https:\/\/www.europesays.com\/fr\/wp-json\/wp\/v2\/comments?post=63860"}],"version-history":[{"count":0,"href":"https:\/\/www.europesays.com\/fr\/wp-json\/wp\/v2\/posts\/63860\/revisions"}],"wp:featuredmedia":[{"embeddable":true,"href":"https:\/\/www.europesays.com\/fr\/wp-json\/wp\/v2\/media\/63861"}],"wp:attachment":[{"href":"https:\/\/www.europesays.com\/fr\/wp-json\/wp\/v2\/media?parent=63860"}],"wp:term":[{"taxonomy":"category","embeddable":true,"href":"https:\/\/www.europesays.com\/fr\/wp-json\/wp\/v2\/categories?post=63860"},{"taxonomy":"post_tag","embeddable":true,"href":"https:\/\/www.europesays.com\/fr\/wp-json\/wp\/v2\/tags?post=63860"}],"curies":[{"name":"wp","href":"https:\/\/api.w.org\/{rel}","templated":true}]}}