{"id":638600,"date":"2026-01-03T16:12:12","date_gmt":"2026-01-03T16:12:12","guid":{"rendered":"https:\/\/www.europesays.com\/fr\/638600\/"},"modified":"2026-01-03T16:12:12","modified_gmt":"2026-01-03T16:12:12","slug":"eschau-une-exposition-pour-mieux-comprendre-le-fonctionnement-de-la-nappe-phreatique-du-rhin","status":"publish","type":"post","link":"https:\/\/www.europesays.com\/fr\/638600\/","title":{"rendered":"Eschau. Une exposition pour mieux comprendre le fonctionnement de la nappe phr\u00e9atique du Rhin"},"content":{"rendered":"<p>Plus grande r\u00e9serve d\u2019eau potable d\u2019Europe occidentale, la nappe phr\u00e9atique rh\u00e9nane s\u2019\u00e9tend sur 9\u00a0236 km2 \u00e0 l\u2019\u00e9chelle du Rhin sup\u00e9rieur, contient entre 60 et 80\u00a0milliards de m\u00e8tres cubes d\u2019eau entre B\u00e2le et Karlsruhe et alimente en eau potable environ 80\u00a0% de la population alsacienne.<\/p>\n<p>Pour mieux comprendre son fonctionnement et les enjeux \u00e9conomiques et \u00e9cologiques, l\u2019Association r\u00e9gionale pour l\u2019initiation \u00e0 l\u2019environnement et \u00e0 la nature en Alsace (Ariena) propose une exposition p\u00e9dagogique itin\u00e9rante, guid\u00e9e et comment\u00e9e. Elle fait \u00e9tape au <a href=\"https:\/\/www.dna.fr\/economie\/2025\/11\/03\/au-centre-bernard-stalter-un-nouveau-pole-de-boulangerie-patisserie-au-service-des-jeunes-talents\" target=\"_blank\" rel=\"noopener\">CMA Formation Bernard-Stalter \u00e0 Eschau<\/a> du 5 au 9\u00a0janvier. Quatre cr\u00e9neaux horaires sont propos\u00e9s le lundi\u00a05 et le mercredi 7\u00a0janvier. Les visites sont gratuites mais sur inscription dans la limite des places disponibles.<\/p>\n<p class=\"note\">Exposition au CMA Formation, 21 rue des Fusiliers-Marins \u00e0 Eschau le lundi 5\u00a0janvier de 13\u00a0h \u00e0 14\u00a0h\u00a030 ou de 15\u00a0h \u00e0 16\u00a0h\u00a030 et le mercredi 7\u00a0janvier de 13\u00a0h \u00e0 14\u00a0h\u00a030 ou de 15\u00a0h \u00e0 16\u00a0h\u00a030. <br \/><strong>Gratuit, sur inscription \u00a0:<\/strong> <br \/>&#8211; Pour les groupes\u00a0: inscriptions@sinestrasbourg.org \u00a0; <br \/>&#8211; Pour les particuliers\u00a0: www.sortiesnature.org<\/p>\n","protected":false},"excerpt":{"rendered":"Plus grande r\u00e9serve d\u2019eau potable d\u2019Europe occidentale, la nappe phr\u00e9atique rh\u00e9nane s\u2019\u00e9tend sur 9\u00a0236 km2 \u00e0 l\u2019\u00e9chelle du&hellip;\n","protected":false},"author":2,"featured_media":638601,"comment_status":"","ping_status":"","sticky":false,"template":"","format":"standard","meta":{"footnotes":""},"categories":[2820],"tags":[1111,11,4523,2880,436,4373,1777,674,107,1011,27,775,8423,12,25,71,104,640,3089],"class_list":{"0":"post-638600","1":"post","2":"type-post","3":"status-publish","4":"format-standard","5":"has-post-thumbnail","7":"category-strasbourg","8":"tag-actu","9":"tag-actualites","10":"tag-conseils-pratiques","11":"tag-edition-strasbourg","12":"tag-environnement","13":"tag-eschau","14":"tag-eu","15":"tag-europe","16":"tag-fil-info","17":"tag-fr","18":"tag-france","19":"tag-grand-est","20":"tag-meteorologie-climat","21":"tag-news","22":"tag-republique-francaise","23":"tag-sante","24":"tag-societe","25":"tag-strasbourg","26":"tag-strasbourg-sud"},"share_on_mastodon":{"url":"https:\/\/pubeurope.com\/@fr\/115832051805514311","error":""},"_links":{"self":[{"href":"https:\/\/www.europesays.com\/fr\/wp-json\/wp\/v2\/posts\/638600","targetHints":{"allow":["GET"]}}],"collection":[{"href":"https:\/\/www.europesays.com\/fr\/wp-json\/wp\/v2\/posts"}],"about":[{"href":"https:\/\/www.europesays.com\/fr\/wp-json\/wp\/v2\/types\/post"}],"author":[{"embeddable":true,"href":"https:\/\/www.europesays.com\/fr\/wp-json\/wp\/v2\/users\/2"}],"replies":[{"embeddable":true,"href":"https:\/\/www.europesays.com\/fr\/wp-json\/wp\/v2\/comments?post=638600"}],"version-history":[{"count":0,"href":"https:\/\/www.europesays.com\/fr\/wp-json\/wp\/v2\/posts\/638600\/revisions"}],"wp:featuredmedia":[{"embeddable":true,"href":"https:\/\/www.europesays.com\/fr\/wp-json\/wp\/v2\/media\/638601"}],"wp:attachment":[{"href":"https:\/\/www.europesays.com\/fr\/wp-json\/wp\/v2\/media?parent=638600"}],"wp:term":[{"taxonomy":"category","embeddable":true,"href":"https:\/\/www.europesays.com\/fr\/wp-json\/wp\/v2\/categories?post=638600"},{"taxonomy":"post_tag","embeddable":true,"href":"https:\/\/www.europesays.com\/fr\/wp-json\/wp\/v2\/tags?post=638600"}],"curies":[{"name":"wp","href":"https:\/\/api.w.org\/{rel}","templated":true}]}}