{"id":638602,"date":"2026-01-03T16:13:14","date_gmt":"2026-01-03T16:13:14","guid":{"rendered":"https:\/\/www.europesays.com\/fr\/638602\/"},"modified":"2026-01-03T16:13:14","modified_gmt":"2026-01-03T16:13:14","slug":"maamma-suivi-par-chelsea-et-strasbourg-cherif-a-francfort","status":"publish","type":"post","link":"https:\/\/www.europesays.com\/fr\/638602\/","title":{"rendered":"Maamma suivi par Chelsea et Strasbourg, Ch\u00e9rif \u00e0 Francfort ?"},"content":{"rendered":"<p>\n    Le Marocain Othmane Maamma int\u00e9resse Chelsea et Strasbourg, Francort s\u2019active pour Sidiki Ch\u00e9rif&#8230; Toutes les infos du mercato football de ce samedi 3 janvier 2026.<\/p>\n<p>                                    Othmane Maamma, la nouvelle p\u00e9pite marocaine qui attire Chelsea et Strasbourg<\/p>\n<p class=\"fig-paragraph\">Le\u00a0<a href=\"http:\/\/www.lefigaro.fr\/sports\/football\/transferts\/le-journal-du-mercato-le-paris-fc-sur-un-gros-coup-en-ligue-1-kounde-concurrence-au-barca-20260102\" data-fig-type=\"NewsFlash\" data-gtm-custom-categorie=\"navigation\" data-gtm-custom-action=\"crossclick\" data-gtm-custom-label=\"Contextuel\" data-gtm-event=\"customEventSPE\" data-fig-domain=\"LEFIGARO\" target=\"_blank\" rel=\"noopener\">mercato s\u2019anime<\/a>\u00a0c\u00f4t\u00e9 BlueCo, qui ne se concentre pas seulement sur les entra\u00eeneurs. Le jeune ailier marocain de 20 ans Othmane Maamma actuellement \u00e0 Watford, figure d\u00e9sormais sur les radars de Chelsea et Strasbourg, apr\u00e8s avoir \u00e9t\u00e9 l\u2019un des joueurs phares de la derni\u00e8re Coupe du monde U20. Les deux clubs seraient pr\u00eats \u00e0 se lancer pour le recruter, mais le choix du joueur pourrait d\u00e9pendre de ses ambitions avant la prochaine Coupe du monde aux \u00c9tats-Unis. Les prochains jours devraient \u00eatre d\u00e9cisifs dans ce dossier.<\/p>\n<p>                                            Nice d\u00e9ment tout int\u00e9r\u00eat pour Sergio Ramos<\/p>\n<p class=\"fig-paragraph\">Malgr\u00e9 les rumeurs, Sergio Ramos ne rejoindra pas l\u2019OGC Nice cet hiver. Le pr\u00e9sident du Gym, Jean-Pierre Riv\u00e8re l\u2019a confirm\u00e9 ce vendredi lors de la pr\u00e9sentation d\u2019<a href=\"http:\/\/www.lefigaro.fr\/sports\/football\/transferts\/mercato-elye-wahi-debarque-officiellement-a-nice-20260101\" data-fig-type=\"NewsFlash\" data-gtm-custom-categorie=\"navigation\" data-gtm-custom-action=\"crossclick\" data-gtm-custom-label=\"Contextuel\" data-gtm-event=\"customEventSPE\" data-fig-domain=\"LEFIGARO\" target=\"_blank\" rel=\"noopener\">Elye Wahi<\/a>. \u00abRamos n\u2019est pas dans nos plans. Nous cherchons des joueurs adapt\u00e9s aux besoins de l\u2019\u00e9quipe et aux attentes de Claude Puel.\u00bb Les Aiglons misent sur des renforts cibl\u00e9s pour relancer une saison compliqu\u00e9e et d\u00e9buter 2026 sur de meilleures bases, d\u00e8s la r\u00e9ception de Strasbourg ce samedi\u00a0<a href=\"https:\/\/www.lefigaro.fr\/sports\/football\/ligue-1\/calendrier-resultats\" target=\"_blank\" rel=\"sponsored noopener\" data-gtm-custom-categorie=\"navigation\" data-gtm-custom-action=\"crossclick\" data-gtm-custom-label=\"Contextuel\" data-gtm-event=\"customEventSPE\">en Ligue 1<\/a>.<\/p>\n<p>                                            <a class=\"fig-a11y-skip\" href=\"#fig-a11y-skip-main-inarticle\" data-module=\"a11y-skip\" data-context=\"was @visible\"><br \/>\n    Passer la publicit\u00e9<br \/>\n<\/a>            <\/p>\n<p>                                            Sidiki Ch\u00e9rif, convoit\u00e9e en Allemagne<\/p>\n<p class=\"fig-paragraph\">Si les rumeurs envoy\u00e9es la jeune p\u00e9pite du SCO d\u2019Angers vers le Paris FC c\u2019est d\u00e9sormais autour de l\u2019Eintracht Francfort de formul\u00e9 une offre incluant un pr\u00eat, pour l\u2019attaquant de 19 ans. Tr\u00e8s courtis\u00e9 cet hiver, le jeune joueur devrait quitter le club, comme l\u2019a confirm\u00e9 Alexandre Dujeux, \u00abc\u2019est un joueur tr\u00e8s important qui va nous quitter, quand exactement, c\u2019est une autre question.\u00bb<\/p>\n<p>                                            Brennan Johnson rejoint Crystal Palace<\/p>\n<p class=\"fig-paragraph\">L\u2019attaquant gallois<a href=\"http:\/\/www.lefigaro.fr\/sports\/football\/transferts\/mercato-le-gallois-brennan-johnson-quitte-tottenham-pour-crystal-palace-20260102\" data-fig-type=\"NewsFlash\" data-gtm-custom-categorie=\"navigation\" data-gtm-custom-action=\"crossclick\" data-gtm-custom-label=\"Contextuel\" data-gtm-event=\"customEventSPE\" data-fig-domain=\"LEFIGARO\" target=\"_blank\" rel=\"noopener\">\u00a0Brennan Johnson quitte Tottenham<\/a>\u00a0pour Crystal Palace pour 40 millions d\u2019euros, un record pour le club londonien. \u00c2g\u00e9 de 24 ans et international \u00e0 42 reprises, l\u2019ailier s\u2019engage pour quatre ans et demi avec les Eagles. Auteur du but d\u00e9cisif en finale de Ligue Europa la saison derni\u00e8re avec Tottenham, Johnson cherchera plus de temps de jeu apr\u00e8s avoir \u00e9t\u00e9 limit\u00e9 cette saison par l\u2019arriv\u00e9e de Mohammed Kudus.<\/p>\n","protected":false},"excerpt":{"rendered":"Le Marocain Othmane Maamma int\u00e9resse Chelsea et Strasbourg, Francort s\u2019active pour Sidiki Ch\u00e9rif&#8230; Toutes les infos du mercato&hellip;\n","protected":false},"author":2,"featured_media":638603,"comment_status":"","ping_status":"","sticky":false,"template":"","format":"standard","meta":{"footnotes":""},"categories":[2820],"tags":[1111,11,460,1777,674,1011,27,775,1434,12,2268,25,640],"class_list":{"0":"post-638602","1":"post","2":"type-post","3":"status-publish","4":"format-standard","5":"has-post-thumbnail","7":"category-strasbourg","8":"tag-actu","9":"tag-actualites","10":"tag-angers-sco","11":"tag-eu","12":"tag-europe","13":"tag-fr","14":"tag-france","15":"tag-grand-est","16":"tag-mercato","17":"tag-news","18":"tag-ogc-nice","19":"tag-republique-francaise","20":"tag-strasbourg"},"share_on_mastodon":{"url":"https:\/\/pubeurope.com\/@fr\/115832055800461853","error":""},"_links":{"self":[{"href":"https:\/\/www.europesays.com\/fr\/wp-json\/wp\/v2\/posts\/638602","targetHints":{"allow":["GET"]}}],"collection":[{"href":"https:\/\/www.europesays.com\/fr\/wp-json\/wp\/v2\/posts"}],"about":[{"href":"https:\/\/www.europesays.com\/fr\/wp-json\/wp\/v2\/types\/post"}],"author":[{"embeddable":true,"href":"https:\/\/www.europesays.com\/fr\/wp-json\/wp\/v2\/users\/2"}],"replies":[{"embeddable":true,"href":"https:\/\/www.europesays.com\/fr\/wp-json\/wp\/v2\/comments?post=638602"}],"version-history":[{"count":0,"href":"https:\/\/www.europesays.com\/fr\/wp-json\/wp\/v2\/posts\/638602\/revisions"}],"wp:featuredmedia":[{"embeddable":true,"href":"https:\/\/www.europesays.com\/fr\/wp-json\/wp\/v2\/media\/638603"}],"wp:attachment":[{"href":"https:\/\/www.europesays.com\/fr\/wp-json\/wp\/v2\/media?parent=638602"}],"wp:term":[{"taxonomy":"category","embeddable":true,"href":"https:\/\/www.europesays.com\/fr\/wp-json\/wp\/v2\/categories?post=638602"},{"taxonomy":"post_tag","embeddable":true,"href":"https:\/\/www.europesays.com\/fr\/wp-json\/wp\/v2\/tags?post=638602"}],"curies":[{"name":"wp","href":"https:\/\/api.w.org\/{rel}","templated":true}]}}